{"id":9954,"date":"2022-04-05T13:32:50","date_gmt":"2022-04-05T16:32:50","guid":{"rendered":"https:\/\/downtownmoncton.com\/?p=9954"},"modified":"2022-12-08T11:42:22","modified_gmt":"2022-12-08T15:42:22","slug":"nouveau-directeur-general","status":"publish","type":"post","link":"https:\/\/downtownmoncton.com\/fr\/medias\/nouveau-directeur-general\/","title":{"rendered":"Downtown Moncton Centre-ville Inc accueille un nouveau Directeur g\u00e9n\u00e9ral"},"content":{"rendered":"<div class=\"fusion-fullwidth fullwidth-box fusion-builder-row-1 fusion-flex-container nonhundred-percent-fullwidth non-hundred-percent-height-scrolling\" style=\"--awb-border-radius-top-left:0px;--awb-border-radius-top-right:0px;--awb-border-radius-bottom-right:0px;--awb-border-radius-bottom-left:0px;--awb-flex-wrap:wrap;\" ><div class=\"fusion-builder-row fusion-row fusion-flex-align-items-flex-start fusion-flex-content-wrap\" style=\"max-width:1248px;margin-left: calc(-4% \/ 2 );margin-right: calc(-4% \/ 2 );\"><div class=\"fusion-layout-column fusion_builder_column fusion-builder-column-0 fusion_builder_column_1_1 1_1 fusion-flex-column\" style=\"--awb-bg-size:cover;--awb-width-large:100%;--awb-margin-top-large:0px;--awb-spacing-right-large:1.92%;--awb-margin-bottom-large:0px;--awb-spacing-left-large:1.92%;--awb-width-medium:100%;--awb-spacing-right-medium:1.92%;--awb-spacing-left-medium:1.92%;--awb-width-small:100%;--awb-spacing-right-small:1.92%;--awb-spacing-left-small:1.92%;\"><div class=\"fusion-column-wrapper fusion-flex-justify-content-flex-start fusion-content-layout-column\"><div class=\"fusion-text fusion-text-1\"><p style=\"text-align: center;\"><strong>COMMUNIQU\u00c9 <\/strong><br \/>\n<strong>POUR DIFFUSION IMM\u00c9DIATE<\/strong><br \/>\n<strong>Downtown Moncton Centre-ville Inc accueille un nouveau Directeur g\u00e9n\u00e9ral<\/strong><\/p>\n<p>(Moncton \u2013 le jeudi 17 mars 2022) &#8211; Le conseil d\u2019administration de Downtown Moncton Centre-ville Inc est fier d\u2019accueillir Patrick Richard, BA, \u00e0 titre de nouveau Directeur g\u00e9n\u00e9ral de l\u2019organisation, dont la date d\u2019entr\u00e9e en vigueur est le 21 mars 2022.<\/p>\n<p>Patrick Richard se joint \u00e0 DMCI avec de l\u2019exp\u00e9rience, de l\u2019\u00e9nergie et des id\u00e9es sur la fa\u00e7on de continuer \u00e0 faire cro\u00eetre le centre-ville de Moncton, au Nouveau-Brunswick. Titulaire d\u2019un baccalaur\u00e9at de l\u2019Universit\u00e9 de Moncton et d\u2019un certificat en ressources humaines de l\u2019UNB, il a r\u00e9cemment poursuivi sa carri\u00e8re chez Opportunit\u00e9s Nouveau-Brunswick, o\u00f9 il a acquis une exp\u00e9rience et une exposition pr\u00e9cieuses au d\u00e9veloppement des march\u00e9s, aux ressources humaines, \u00e0 la planification de la main-d\u2019\u0153uvre et au soutien \u00e0 la croissance des entreprises dans notre province. Patrick est bien connu comme l\u2019un des fondateurs de \u00ab Hub City Young Professionals \u00bb qui soutient le r\u00e9seautage et stimule les affaires dans la communaut\u00e9 depuis 2016.<\/p>\n<p>Patrick conna\u00eet le commerce de d\u00e9tail et le service \u00e0 la client\u00e8le gr\u00e2ce \u00e0 son r\u00f4le de leadership et aide Bass Pro \u00e0 \u00e9tablir sa place dans la r\u00e9gion du Grand Moncton. Il a jou\u00e9 un r\u00f4le cl\u00e9 pendant de nombreuses ann\u00e9es en faisant du b\u00e9n\u00e9volat pour des organismes comme Centraide, la Chambre de commerce du Grand Moncton, Hubcap Comedy Festival, Top 20 Under 40 et plus encore.<\/p>\n<p>\u00ab Nous sommes heureux que Patrick se joigne \u00e0 DMCI pour diriger notre organisation \u00e0 l\u2019avenir. Son leadership, sa diversit\u00e9 de comp\u00e9tences et sa passion seront des atouts pr\u00e9cieux dans la mise en \u0153uvre de la vision de DMCI de transformer notre centre-ville en un endroit unique, s\u00fbr et dynamique pour vivre, jouer et faire des affaires \u00bb, a d\u00e9clar\u00e9 Denis Foulem, pr\u00e9sident par int\u00e9rim du conseil d\u2019administration de DMCI. Il a ajout\u00e9 que \u00ab nous avons re\u00e7u de nombreux candidats solides dans le cadre d\u2019un processus d\u2019embauche rigoureux, ce qui d\u00e9montre l\u2019int\u00e9r\u00eat de nos dirigeants communautaires pour l\u2019\u00e9volution de notre centre-ville \u00bb.<\/p>\n<p>Downtown Moncton Centre-ville Inc. (DMCI) est une entit\u00e9 ind\u00e9pendante, sans but lucratif, financ\u00e9e par les propri\u00e9taires fonciers et les propri\u00e9taires d\u2019immeubles commerciaux compris dans la zone d\u2019am\u00e9lioration des affaires (ZAA). En gardant \u00e0 l\u2019esprit ses trois piliers que sont CONSERVATEUR,<br \/>\nPROMOTEUR et ADMINISTRATEUR, l\u2019organisme sera en meilleure position pour faire du centre-ville de Moncton un meilleur endroit o\u00f9 travailler, magasiner, se divertir, vivre et investir.<\/p>\n<p style=\"text-align: center;\"><span style=\"font-weight: 400;\">-30-<\/span><\/p>\n<p style=\"text-align: center;\">Pour tout renseignement :<br \/>\nDenis Foulem<br \/>\nPr\u00e9sident par int\u00e9rim<br \/>\nDowntown Moncton Centre-ville Inc.<br \/>\n506-866-8077<br \/>\ndenis.foulem@foulem.com<\/p>\n<\/div><\/div><\/div><\/div><\/div>\n","protected":false},"excerpt":{"rendered":"","protected":false},"author":1,"featured_media":0,"comment_status":"closed","ping_status":"closed","sticky":false,"template":"","format":"standard","meta":{"_monsterinsights_skip_tracking":false,"_monsterinsights_sitenote_active":false,"_monsterinsights_sitenote_note":"","_monsterinsights_sitenote_category":0,"footnotes":""},"categories":[102],"tags":[],"class_list":["post-9954","post","type-post","status-publish","format-standard","hentry","category-medias"],"yoast_head":"<!-- This site is optimized with the Yoast SEO plugin v27.3 - https:\/\/yoast.com\/product\/yoast-seo-wordpress\/ -->\n<title>Downtown Moncton Centre-ville Inc accueille un nouveau Directeur g\u00e9n\u00e9ral - Downtown Moncton Centre-ville Inc.<\/title>\n<meta name=\"robots\" content=\"index, follow, max-snippet:-1, max-image-preview:large, max-video-preview:-1\" \/>\n<link rel=\"canonical\" href=\"https:\/\/downtownmoncton.com\/fr\/medias\/nouveau-directeur-general\/\" \/>\n<meta property=\"og:locale\" content=\"fr_CA\" \/>\n<meta property=\"og:type\" content=\"article\" \/>\n<meta property=\"og:title\" content=\"Downtown Moncton Centre-ville Inc accueille un nouveau Directeur g\u00e9n\u00e9ral - Downtown Moncton Centre-ville Inc.\" \/>\n<meta property=\"og:url\" content=\"https:\/\/downtownmoncton.com\/fr\/medias\/nouveau-directeur-general\/\" \/>\n<meta property=\"og:site_name\" content=\"Downtown Moncton Centre-ville Inc.\" \/>\n<meta property=\"article:published_time\" content=\"2022-04-05T16:32:50+00:00\" \/>\n<meta property=\"article:modified_time\" content=\"2022-12-08T15:42:22+00:00\" \/>\n<meta name=\"author\" content=\"Downtown Moncton Centre-ville\" \/>\n<meta name=\"twitter:card\" content=\"summary_large_image\" \/>\n<meta name=\"twitter:label1\" content=\"\u00c9crit par\" \/>\n\t<meta name=\"twitter:data1\" content=\"Downtown Moncton Centre-ville\" \/>\n\t<meta name=\"twitter:label2\" content=\"Estimation du temps de lecture\" \/>\n\t<meta name=\"twitter:data2\" content=\"2 minutes\" \/>\n<script type=\"application\/ld+json\" class=\"yoast-schema-graph\">{\"@context\":\"https:\\\/\\\/schema.org\",\"@graph\":[{\"@type\":\"Article\",\"@id\":\"https:\\\/\\\/downtownmoncton.com\\\/fr\\\/medias\\\/nouveau-directeur-general\\\/#article\",\"isPartOf\":{\"@id\":\"https:\\\/\\\/downtownmoncton.com\\\/fr\\\/medias\\\/nouveau-directeur-general\\\/\"},\"author\":{\"name\":\"Downtown Moncton Centre-ville\",\"@id\":\"https:\\\/\\\/downtownmoncton.com\\\/#\\\/schema\\\/person\\\/ee927c4a1ae2fb61cb8d80e4c0bf2258\"},\"headline\":\"Downtown Moncton Centre-ville Inc accueille un nouveau Directeur g\u00e9n\u00e9ral\",\"datePublished\":\"2022-04-05T16:32:50+00:00\",\"dateModified\":\"2022-12-08T15:42:22+00:00\",\"mainEntityOfPage\":{\"@id\":\"https:\\\/\\\/downtownmoncton.com\\\/fr\\\/medias\\\/nouveau-directeur-general\\\/\"},\"wordCount\":722,\"articleSection\":[\"M\u00e9dias\"],\"inLanguage\":\"fr-CA\"},{\"@type\":\"WebPage\",\"@id\":\"https:\\\/\\\/downtownmoncton.com\\\/fr\\\/medias\\\/nouveau-directeur-general\\\/\",\"url\":\"https:\\\/\\\/downtownmoncton.com\\\/fr\\\/medias\\\/nouveau-directeur-general\\\/\",\"name\":\"Downtown Moncton Centre-ville Inc accueille un nouveau Directeur g\u00e9n\u00e9ral - Downtown Moncton Centre-ville Inc.\",\"isPartOf\":{\"@id\":\"https:\\\/\\\/downtownmoncton.com\\\/#website\"},\"datePublished\":\"2022-04-05T16:32:50+00:00\",\"dateModified\":\"2022-12-08T15:42:22+00:00\",\"author\":{\"@id\":\"https:\\\/\\\/downtownmoncton.com\\\/#\\\/schema\\\/person\\\/ee927c4a1ae2fb61cb8d80e4c0bf2258\"},\"breadcrumb\":{\"@id\":\"https:\\\/\\\/downtownmoncton.com\\\/fr\\\/medias\\\/nouveau-directeur-general\\\/#breadcrumb\"},\"inLanguage\":\"fr-CA\",\"potentialAction\":[{\"@type\":\"ReadAction\",\"target\":[\"https:\\\/\\\/downtownmoncton.com\\\/fr\\\/medias\\\/nouveau-directeur-general\\\/\"]}]},{\"@type\":\"BreadcrumbList\",\"@id\":\"https:\\\/\\\/downtownmoncton.com\\\/fr\\\/medias\\\/nouveau-directeur-general\\\/#breadcrumb\",\"itemListElement\":[{\"@type\":\"ListItem\",\"position\":1,\"name\":\"Home\",\"item\":\"https:\\\/\\\/downtownmoncton.com\\\/fr\\\/\"},{\"@type\":\"ListItem\",\"position\":2,\"name\":\"Downtown Moncton Centre-ville Inc accueille un nouveau Directeur g\u00e9n\u00e9ral\"}]},{\"@type\":\"WebSite\",\"@id\":\"https:\\\/\\\/downtownmoncton.com\\\/#website\",\"url\":\"https:\\\/\\\/downtownmoncton.com\\\/\",\"name\":\"Downtown Moncton Centre-ville Inc.\",\"description\":\"Dedicated to the heart of Metro Moncton!\",\"potentialAction\":[{\"@type\":\"SearchAction\",\"target\":{\"@type\":\"EntryPoint\",\"urlTemplate\":\"https:\\\/\\\/downtownmoncton.com\\\/?s={search_term_string}\"},\"query-input\":{\"@type\":\"PropertyValueSpecification\",\"valueRequired\":true,\"valueName\":\"search_term_string\"}}],\"inLanguage\":\"fr-CA\"},{\"@type\":\"Person\",\"@id\":\"https:\\\/\\\/downtownmoncton.com\\\/#\\\/schema\\\/person\\\/ee927c4a1ae2fb61cb8d80e4c0bf2258\",\"name\":\"Downtown Moncton Centre-ville\",\"sameAs\":[\"https:\\\/\\\/downtownmoncton.com\"]}]}<\/script>\n<!-- \/ Yoast SEO plugin. -->","yoast_head_json":{"title":"Downtown Moncton Centre-ville Inc accueille un nouveau Directeur g\u00e9n\u00e9ral - Downtown Moncton Centre-ville Inc.","robots":{"index":"index","follow":"follow","max-snippet":"max-snippet:-1","max-image-preview":"max-image-preview:large","max-video-preview":"max-video-preview:-1"},"canonical":"https:\/\/downtownmoncton.com\/fr\/medias\/nouveau-directeur-general\/","og_locale":"fr_CA","og_type":"article","og_title":"Downtown Moncton Centre-ville Inc accueille un nouveau Directeur g\u00e9n\u00e9ral - Downtown Moncton Centre-ville Inc.","og_url":"https:\/\/downtownmoncton.com\/fr\/medias\/nouveau-directeur-general\/","og_site_name":"Downtown Moncton Centre-ville Inc.","article_published_time":"2022-04-05T16:32:50+00:00","article_modified_time":"2022-12-08T15:42:22+00:00","author":"Downtown Moncton Centre-ville","twitter_card":"summary_large_image","twitter_misc":{"\u00c9crit par":"Downtown Moncton Centre-ville","Estimation du temps de lecture":"2 minutes"},"schema":{"@context":"https:\/\/schema.org","@graph":[{"@type":"Article","@id":"https:\/\/downtownmoncton.com\/fr\/medias\/nouveau-directeur-general\/#article","isPartOf":{"@id":"https:\/\/downtownmoncton.com\/fr\/medias\/nouveau-directeur-general\/"},"author":{"name":"Downtown Moncton Centre-ville","@id":"https:\/\/downtownmoncton.com\/#\/schema\/person\/ee927c4a1ae2fb61cb8d80e4c0bf2258"},"headline":"Downtown Moncton Centre-ville Inc accueille un nouveau Directeur g\u00e9n\u00e9ral","datePublished":"2022-04-05T16:32:50+00:00","dateModified":"2022-12-08T15:42:22+00:00","mainEntityOfPage":{"@id":"https:\/\/downtownmoncton.com\/fr\/medias\/nouveau-directeur-general\/"},"wordCount":722,"articleSection":["M\u00e9dias"],"inLanguage":"fr-CA"},{"@type":"WebPage","@id":"https:\/\/downtownmoncton.com\/fr\/medias\/nouveau-directeur-general\/","url":"https:\/\/downtownmoncton.com\/fr\/medias\/nouveau-directeur-general\/","name":"Downtown Moncton Centre-ville Inc accueille un nouveau Directeur g\u00e9n\u00e9ral - Downtown Moncton Centre-ville Inc.","isPartOf":{"@id":"https:\/\/downtownmoncton.com\/#website"},"datePublished":"2022-04-05T16:32:50+00:00","dateModified":"2022-12-08T15:42:22+00:00","author":{"@id":"https:\/\/downtownmoncton.com\/#\/schema\/person\/ee927c4a1ae2fb61cb8d80e4c0bf2258"},"breadcrumb":{"@id":"https:\/\/downtownmoncton.com\/fr\/medias\/nouveau-directeur-general\/#breadcrumb"},"inLanguage":"fr-CA","potentialAction":[{"@type":"ReadAction","target":["https:\/\/downtownmoncton.com\/fr\/medias\/nouveau-directeur-general\/"]}]},{"@type":"BreadcrumbList","@id":"https:\/\/downtownmoncton.com\/fr\/medias\/nouveau-directeur-general\/#breadcrumb","itemListElement":[{"@type":"ListItem","position":1,"name":"Home","item":"https:\/\/downtownmoncton.com\/fr\/"},{"@type":"ListItem","position":2,"name":"Downtown Moncton Centre-ville Inc accueille un nouveau Directeur g\u00e9n\u00e9ral"}]},{"@type":"WebSite","@id":"https:\/\/downtownmoncton.com\/#website","url":"https:\/\/downtownmoncton.com\/","name":"Downtown Moncton Centre-ville Inc.","description":"Dedicated to the heart of Metro Moncton!","potentialAction":[{"@type":"SearchAction","target":{"@type":"EntryPoint","urlTemplate":"https:\/\/downtownmoncton.com\/?s={search_term_string}"},"query-input":{"@type":"PropertyValueSpecification","valueRequired":true,"valueName":"search_term_string"}}],"inLanguage":"fr-CA"},{"@type":"Person","@id":"https:\/\/downtownmoncton.com\/#\/schema\/person\/ee927c4a1ae2fb61cb8d80e4c0bf2258","name":"Downtown Moncton Centre-ville","sameAs":["https:\/\/downtownmoncton.com"]}]}},"_links":{"self":[{"href":"https:\/\/downtownmoncton.com\/fr\/wp-json\/wp\/v2\/posts\/9954","targetHints":{"allow":["GET"]}}],"collection":[{"href":"https:\/\/downtownmoncton.com\/fr\/wp-json\/wp\/v2\/posts"}],"about":[{"href":"https:\/\/downtownmoncton.com\/fr\/wp-json\/wp\/v2\/types\/post"}],"author":[{"embeddable":true,"href":"https:\/\/downtownmoncton.com\/fr\/wp-json\/wp\/v2\/users\/1"}],"replies":[{"embeddable":true,"href":"https:\/\/downtownmoncton.com\/fr\/wp-json\/wp\/v2\/comments?post=9954"}],"version-history":[{"count":1,"href":"https:\/\/downtownmoncton.com\/fr\/wp-json\/wp\/v2\/posts\/9954\/revisions"}],"predecessor-version":[{"id":10427,"href":"https:\/\/downtownmoncton.com\/fr\/wp-json\/wp\/v2\/posts\/9954\/revisions\/10427"}],"wp:attachment":[{"href":"https:\/\/downtownmoncton.com\/fr\/wp-json\/wp\/v2\/media?parent=9954"}],"wp:term":[{"taxonomy":"category","embeddable":true,"href":"https:\/\/downtownmoncton.com\/fr\/wp-json\/wp\/v2\/categories?post=9954"},{"taxonomy":"post_tag","embeddable":true,"href":"https:\/\/downtownmoncton.com\/fr\/wp-json\/wp\/v2\/tags?post=9954"}],"curies":[{"name":"wp","href":"https:\/\/api.w.org\/{rel}","templated":true}]}}