{"id":5818,"date":"2019-11-14T15:17:06","date_gmt":"2019-11-14T19:17:06","guid":{"rendered":"http:\/\/downtownmoncton.com\/?p=5818"},"modified":"2022-12-08T15:22:01","modified_gmt":"2022-12-08T19:22:01","slug":"temps-des-fetes","status":"publish","type":"post","link":"https:\/\/downtownmoncton.com\/fr\/medias\/temps-des-fetes\/","title":{"rendered":"Downtown Moncton Centre-ville Inc. lance les activit\u00e9s du temps des F\u00eates 2019 au centre-ville!"},"content":{"rendered":"<div class=\"fusion-fullwidth fullwidth-box fusion-builder-row-1 fusion-flex-container nonhundred-percent-fullwidth non-hundred-percent-height-scrolling\" style=\"--awb-border-radius-top-left:0px;--awb-border-radius-top-right:0px;--awb-border-radius-bottom-right:0px;--awb-border-radius-bottom-left:0px;--awb-flex-wrap:wrap;\" ><div class=\"fusion-builder-row fusion-row fusion-flex-align-items-flex-start fusion-flex-content-wrap\" style=\"max-width:1248px;margin-left: calc(-4% \/ 2 );margin-right: calc(-4% \/ 2 );\"><div class=\"fusion-layout-column fusion_builder_column fusion-builder-column-0 fusion_builder_column_1_1 1_1 fusion-flex-column\" style=\"--awb-bg-size:cover;--awb-width-large:100%;--awb-margin-top-large:0px;--awb-spacing-right-large:1.92%;--awb-margin-bottom-large:0px;--awb-spacing-left-large:1.92%;--awb-width-medium:100%;--awb-spacing-right-medium:1.92%;--awb-spacing-left-medium:1.92%;--awb-width-small:100%;--awb-spacing-right-small:1.92%;--awb-spacing-left-small:1.92%;\"><div class=\"fusion-column-wrapper fusion-flex-justify-content-flex-start fusion-content-layout-column\"><div class=\"fusion-text fusion-text-1\"><p><img decoding=\"async\" class=\"size-full wp-image-10679 aligncenter\" src=\"https:\/\/downtownmoncton.com\/wp-content\/uploads\/2020\/06\/logo-dmci.jpeg\" alt=\"\" width=\"112\" height=\"150\" \/><\/p>\n<p style=\"text-align: center;\"><b>COMMUNIQU\u00c9 DE PRESSE<br \/>\n<\/b><b>POUR DIFFUSION IMM\u00c9DIATE\u00a0<\/b><\/p>\n<p style=\"text-align: center;\"><b>Downtown Moncton Centre-ville Inc. lance les activit\u00e9s du temps des F\u00eates 2019 au centre-ville!<\/b><\/p>\n<p><b>(Moncton, le jeudi 14 novembre 2019). \u2013 <\/b><span style=\"font-weight: 400;\">Downtown Moncton Centre-ville Inc. (DMCI) lance aujourd\u2019hui les activit\u00e9s du temps des F\u00eates 2019 au centre-ville de Moncton lors d\u2019une conf\u00e9rence de presse au Delta Beaus\u00e9jour. Une foule d\u2019activit\u00e9s passionnantes sont pr\u00e9sent\u00e9es au c\u0153ur de la ville au cours des semaines pr\u00e9c\u00e9dant No\u00ebl!\u00a0\u00a0<\/span><\/p>\n<p><span style=\"font-weight: 400;\">\u00ab\u00a0C\u2019est avec grand plaisir que nous faisons de nouveau la promotion des activit\u00e9s pr\u00e9sent\u00e9es au centre-ville et de la Carte-cadeau Downtown Moncton de DMCI en cette p\u00e9riode des F\u00eates!\u00a0\u00bb indique la directrice g\u00e9n\u00e9rale de DMCI, Anne Poirier Basque. \u00ab\u00a0Les Cartes-cadeaux Downtown Moncton sont accept\u00e9es dans les entreprises participantes du centre-ville de Moncton. En plus de pouvoir les utiliser dans divers restaurants, aupr\u00e8s des commer\u00e7ants et dans le cadre de services professionnels, il est possible de s\u2019en servir pour payer les droits dans tous les parcom\u00e8tres au centre-ville. Ces cartes-cadeaux constituent d\u2019excellents cadeaux personnels ou d\u2019entreprise tout en appuyant nos entreprises du centre-ville et en encourageant l\u2019achat local!\u00a0\u00bb\u00a0<\/span><\/p>\n<p><span style=\"font-weight: 400;\">On peut seulement se procurer les cartes-cadeaux au bureau de DMCI (dans l\u2019\u00e9difice de l\u2019Assomption \u00e0 c\u00f4t\u00e9 de Service Nouveau-Brunswick). Elles sont offertes dans des coupures minimales de 20 $ jusqu\u2019\u00e0 des coupures de 500 $, avec une limite de 500 $ en cartes-cadeaux par personne. Rendez-vous sur le site downtownmoncton.com ou consultez les messages de DMCI sur les m\u00e9dias sociaux pour obtenir plus de renseignements ainsi qu\u2019une liste des entreprises participantes, soit plus de 90 entreprises.\u00a0<\/span><\/p>\n<p><span style=\"font-weight: 400;\">Ray Roberge, directeur g\u00e9n\u00e9ral du Delta Beaus\u00e9jour, est ravi de d\u00e9voiler la maison en pain d\u2019\u00e9pice de neuf pieds ainsi que le village \u00e9tabli sur le th\u00e8me de Casse-Noisette, install\u00e9s dans le hall du Delta Beaus\u00e9jour. Le public est invit\u00e9 \u00e0 venir contempler le village et \u00e0 prendre des photos en famille devant le village pendant le temps des F\u00eates. Il est \u00e9galement possible de faire des dons en argent dans les bo\u00eetes de d\u00e9p\u00f4t \u00e0 cet effet au b\u00e9n\u00e9fice du r\u00e9seau Children\u2019s Miracle Network ou d\u2019apporter des aliments non p\u00e9rissables pour appuyer les efforts de Food D\u00e9p\u00f4t alimentaire.\u00a0<\/span><\/p>\n<p><span style=\"font-weight: 400;\">La mairesse de Moncton, Dawn Arnold, invite le public aux portes ouvertes annuelles du temps des F\u00eates de l\u2019h\u00f4tel de Ville de Moncton (au 655, rue Main), qui auront lieu le samedi 23 novembre de 17 h \u00e0 18 h, avant le d\u00e9fil\u00e9 annuel du P\u00e8re No\u00ebl (l\u2019illumination du sapin est pr\u00e9vue \u00e0 17 h 30).\u00a0<\/span><\/p>\n<p><span style=\"font-weight: 400;\">Sophie Auffrey, agente de d\u00e9veloppement du patrimoine en charge des relations communautaires \u00e0 la Place Resurgo invite le public \u00e0 venir c\u00e9l\u00e9brer l\u2019arriv\u00e9e de la p\u00e9riode des F\u00eates avec le quintette Ventus Machina de Symphonie Nouveau-Brunswick le 1<\/span><span style=\"font-weight: 400;\">er<\/span><span style=\"font-weight: 400;\"> d\u00e9cembre entre 18 h et 19 h au Temple Libre. Une r\u00e9ception suivra le concert dans le hall de la Place Resurgo d\u00e9cor\u00e9 pour les F\u00eates. Du cidre de pomme chaud et des bouch\u00e9es savoureuses seront servis! L&rsquo;\u00e9v\u00e9nement est GRATUIT avec le don d&rsquo;un aliment non p\u00e9rissable. Les places sont limit\u00e9es et sont attribu\u00e9es selon le principe du premier arriv\u00e9, premier servi. On invite les gens \u00e0 obtenir leurs billets avant l\u2019activit\u00e9, le nombre de places \u00e9tant limit\u00e9. Le mus\u00e9e tiendra \u00e9galement son th\u00e9 annuel des F\u00eates dans l\u2019\u00e9l\u00e9gant d\u00e9cor de la maison victorienne Thomas-Williams les 7, 8, 14 et 15 d\u00e9cembre. De succulents produits locaux seront \u00e0 l\u2019honneur de ce th\u00e9 pour le plus grand plaisir des convives. De plus, des artistes locaux assureront la composante musicale pour que l\u2019exp\u00e9rience soit des plus compl\u00e8tes! Les participants doivent R\u00c9SERVER leur place \u00e0 l\u2019avance en composant le (506) 856-4327 ou en se rendant \u00e0 la Place Resurgo pendant les heures d\u2019ouverture.\u00a0<\/span><\/p>\n<p><span style=\"font-weight: 400;\">Connie Melanson-Savoy, directrice g\u00e9n\u00e9rale de Promotion de l\u2019inclusion SENB, parle de l\u2019organisation de la 15<\/span><span style=\"font-weight: 400;\">e<\/span><span style=\"font-weight: 400;\"> campagne annuelle Des sapins pour un avenir plus brillant. Cette ann\u00e9e, le pr\u00e9sident honoraire de la campagne est \u00c9ric Arsenault, chef de pompier \u00e0 la retraite qui appuie la cause depuis longtemps. Au d\u00e9but du mois de novembre, des commanditaires ont d\u00e9cor\u00e9 des sapins artificiels, qui ont \u00e9t\u00e9 install\u00e9s et illumin\u00e9s dans l\u2019\u00e9difice Assomption pour contribuer \u00e0 l\u2019esprit des F\u00eates au centre-ville et symboliser un avenir plus brillant pour les personnes ayant un handicap intellectuel. Les membres du public peuvent placer leur mise \u00e0 l\u2019avance pour ces sapins jusqu\u2019au gala et \u00e0 l\u2019encan annuel Des sapins pour un avenir plus brillant, qui se tiendront au Delta Beaus\u00e9jour le 22 novembre 2019, de 18 h \u00e0 23 h 30. Les fonds recueillis serviront \u00e0 encourager les communaut\u00e9s inclusives et \u00e0 assurer que le soutien n\u00e9cessaire est en place pour permettre aux personnes ayant un handicap intellectuel de vivre, apprendre, travailler et participer de fa\u00e7on significative \u00e0 la vie de leur communaut\u00e9.\u00a0<\/span><\/p>\n<p><span style=\"font-weight: 400;\">La repr\u00e9sentante du March\u00e9 Moncton Market, Courtney Donnelly, d\u00e9voile les activit\u00e9s \u00e0 venir au march\u00e9 pendant le temps des F\u00eates. Tout au long du mois de d\u00e9cembre, les clients pourront remplir des bulletins de participation aupr\u00e8s des kiosques des marchands pour avoir la chance de gagner l\u2019un des trois \u00ab\u00a0paniers-cadeaux des F\u00eates\u00a0\u00bb. Le tirage du nom des gagnants aura lieu \u00e0 la fermeture, le jour de march\u00e9, les trois premiers samedis du mois de d\u00e9cembre (soit le 7, le 14 et le 21). Le P\u00e8re No\u00ebl viendra \u00e9galement faire son tour au march\u00e9 pendant la saison des F\u00eates! Pour plus de d\u00e9tails sur les dates et l\u2019heure des visites du P\u00e8re No\u00ebl, consultez les pages du march\u00e9 sur les m\u00e9dias sociaux plus tard en novembre. On vous attend au march\u00e9!\u00a0<\/span><\/p>\n<p><span style=\"font-weight: 400;\">Le D\u00e9jeuner annuel des rennes du Club Progr\u00e8s du Grand Moncton se tiendra le vendredi 22 novembre de 6 h 30 \u00e0 9 h 30 \u00e0 l\u2019h\u00f4tel Delta Beaus\u00e9jour. Les fonds sont recueillis au moyen de la vente de billets, de trousses de commandites et d\u2019activit\u00e9s sur place comme la vente d\u2019oursons, un tirage moiti\u00e9-moiti\u00e9 et des dons. Tous les profits de cette activit\u00e9 serviront \u00e0 soutenir les organismes de bienfaisance locaux au service des enfants. <\/span><\/p>\n<p><span style=\"font-weight: 400;\">Cette ann\u00e9e, le th\u00e8me du D\u00e9fil\u00e9 Royale du P\u00e8re No\u00ebl du Grand Moncton est \u00ab\u00a0Traditions familiales\u00a0\u00bb. Le samedi 23 novembre, le d\u00e9fil\u00e9 d\u00e9bute \u00e0 17 h \u00e0 l\u2019angle des rues Cameron et Main \u00e0 Moncton et se poursuit jusqu\u2019\u00e0 l\u2019angle des rues Champlain et Paul \u00e0 Dieppe. Tim Hortons est de retour \u00e0 la t\u00eate du d\u00e9fil\u00e9 avec l\u2019une des plus grandes collectes de denr\u00e9es non p\u00e9rissables de l\u2019ann\u00e9e. On invite les spectateurs \u00e0 apporter des denr\u00e9es non p\u00e9rissables pour aider \u00e0 soutenir les banques alimentaires de la r\u00e9gion. Des repr\u00e9sentants de Postes Canada seront de nouveau sur place pour ramasser les lettres au P\u00e8re No\u00ebl des enfants pendant le d\u00e9fil\u00e9. De plus, d\u2019autres activit\u00e9s pr\u00e9c\u00e9dant et incluant le jour du d\u00e9fil\u00e9 sont pr\u00e9vues au programme, dont une rencontre sp\u00e9ciale avec le P\u00e8re No\u00ebl, la m\u00e8re No\u00ebl et d\u2019autres mascottes du d\u00e9fil\u00e9, un aper\u00e7u du char all\u00e9gorique du P\u00e8re No\u00ebl et deux zones d\u2019amusement familiales le jour du d\u00e9fil\u00e9! Pour plus d\u2019information et de d\u00e9tails concernant ces activit\u00e9s, consultez le site Web et la page Facebook du D\u00e9fil\u00e9 Royale du P\u00e8re No\u00ebl du Grand Moncton.<\/span><\/p>\n<p style=\"text-align: center;\"><span style=\"font-weight: 400;\">-30-<\/span><\/p>\n<p style=\"text-align: center;\"><span style=\"font-weight: 400;\">Pour tout renseignement :<br \/>\n<\/span><span style=\"font-weight: 400;\">Michel LeBlanc<br \/>\n<\/span><span style=\"font-weight: 400;\">Coordinateur des communications et marketing<br \/>\n<\/span><span style=\"font-weight: 400;\">Downtown Moncton Centre-ville Inc.<br \/>\n<\/span><span style=\"font-weight: 400;\">506-857-2991<br \/>\n<\/span><a href=\"mailto:mleblanc@downtownmoncton.com\"><span style=\"font-weight: 400;\">mleblanc@downtownmoncton.com<\/span><\/a><\/p>\n<\/div><\/div><\/div><\/div><\/div>\n","protected":false},"excerpt":{"rendered":"","protected":false},"author":1,"featured_media":0,"comment_status":"closed","ping_status":"closed","sticky":false,"template":"","format":"standard","meta":{"_monsterinsights_skip_tracking":false,"_monsterinsights_sitenote_active":false,"_monsterinsights_sitenote_note":"","_monsterinsights_sitenote_category":0,"footnotes":""},"categories":[102],"tags":[],"class_list":["post-5818","post","type-post","status-publish","format-standard","hentry","category-medias"],"yoast_head":"<!-- This site is optimized with the Yoast SEO plugin v27.5 - https:\/\/yoast.com\/product\/yoast-seo-wordpress\/ -->\n<title>Downtown Moncton Centre-ville Inc. lance les activit\u00e9s du temps des F\u00eates 2019 au centre-ville! - Downtown Moncton Centre-ville Inc.<\/title>\n<meta name=\"robots\" content=\"index, follow, max-snippet:-1, max-image-preview:large, max-video-preview:-1\" \/>\n<link rel=\"canonical\" href=\"https:\/\/downtownmoncton.com\/press\/holiday-season\/\" \/>\n<meta property=\"og:locale\" content=\"fr_CA\" \/>\n<meta property=\"og:type\" content=\"article\" \/>\n<meta property=\"og:title\" content=\"Downtown Moncton Centre-ville Inc. lance les activit\u00e9s du temps des F\u00eates 2019 au centre-ville! - Downtown Moncton Centre-ville Inc.\" \/>\n<meta property=\"og:url\" content=\"https:\/\/downtownmoncton.com\/press\/holiday-season\/\" \/>\n<meta property=\"og:site_name\" content=\"Downtown Moncton Centre-ville Inc.\" \/>\n<meta property=\"article:published_time\" content=\"2019-11-14T19:17:06+00:00\" \/>\n<meta property=\"article:modified_time\" content=\"2022-12-08T19:22:01+00:00\" \/>\n<meta property=\"og:image\" content=\"https:\/\/downtownmoncton.com\/wp-content\/uploads\/2020\/06\/logo-dmci.jpeg\" \/>\n<meta name=\"author\" content=\"Downtown Moncton Centre-ville\" \/>\n<meta name=\"twitter:card\" content=\"summary_large_image\" \/>\n<meta name=\"twitter:label1\" content=\"\u00c9crit par\" \/>\n\t<meta name=\"twitter:data1\" content=\"Downtown Moncton Centre-ville\" \/>\n\t<meta name=\"twitter:label2\" content=\"Estimation du temps de lecture\" \/>\n\t<meta name=\"twitter:data2\" content=\"8 minutes\" \/>\n<script type=\"application\/ld+json\" class=\"yoast-schema-graph\">{\"@context\":\"https:\\\/\\\/schema.org\",\"@graph\":[{\"@type\":\"Article\",\"@id\":\"https:\\\/\\\/downtownmoncton.com\\\/press\\\/holiday-season\\\/#article\",\"isPartOf\":{\"@id\":\"https:\\\/\\\/downtownmoncton.com\\\/press\\\/holiday-season\\\/\"},\"author\":{\"name\":\"Downtown Moncton Centre-ville\",\"@id\":\"https:\\\/\\\/downtownmoncton.com\\\/#\\\/schema\\\/person\\\/ee927c4a1ae2fb61cb8d80e4c0bf2258\"},\"headline\":\"Downtown Moncton Centre-ville Inc. lance les activit\u00e9s du temps des F\u00eates 2019 au centre-ville!\",\"datePublished\":\"2019-11-14T19:17:06+00:00\",\"dateModified\":\"2022-12-08T19:22:01+00:00\",\"mainEntityOfPage\":{\"@id\":\"https:\\\/\\\/downtownmoncton.com\\\/press\\\/holiday-season\\\/\"},\"wordCount\":1574,\"image\":{\"@id\":\"https:\\\/\\\/downtownmoncton.com\\\/press\\\/holiday-season\\\/#primaryimage\"},\"thumbnailUrl\":\"https:\\\/\\\/downtownmoncton.com\\\/wp-content\\\/uploads\\\/2020\\\/06\\\/logo-dmci.jpeg\",\"articleSection\":[\"M\u00e9dias\"],\"inLanguage\":\"fr-CA\"},{\"@type\":\"WebPage\",\"@id\":\"https:\\\/\\\/downtownmoncton.com\\\/press\\\/holiday-season\\\/\",\"url\":\"https:\\\/\\\/downtownmoncton.com\\\/press\\\/holiday-season\\\/\",\"name\":\"Downtown Moncton Centre-ville Inc. lance les activit\u00e9s du temps des F\u00eates 2019 au centre-ville! - Downtown Moncton Centre-ville Inc.\",\"isPartOf\":{\"@id\":\"https:\\\/\\\/downtownmoncton.com\\\/#website\"},\"primaryImageOfPage\":{\"@id\":\"https:\\\/\\\/downtownmoncton.com\\\/press\\\/holiday-season\\\/#primaryimage\"},\"image\":{\"@id\":\"https:\\\/\\\/downtownmoncton.com\\\/press\\\/holiday-season\\\/#primaryimage\"},\"thumbnailUrl\":\"https:\\\/\\\/downtownmoncton.com\\\/wp-content\\\/uploads\\\/2020\\\/06\\\/logo-dmci.jpeg\",\"datePublished\":\"2019-11-14T19:17:06+00:00\",\"dateModified\":\"2022-12-08T19:22:01+00:00\",\"author\":{\"@id\":\"https:\\\/\\\/downtownmoncton.com\\\/#\\\/schema\\\/person\\\/ee927c4a1ae2fb61cb8d80e4c0bf2258\"},\"breadcrumb\":{\"@id\":\"https:\\\/\\\/downtownmoncton.com\\\/press\\\/holiday-season\\\/#breadcrumb\"},\"inLanguage\":\"fr-CA\",\"potentialAction\":[{\"@type\":\"ReadAction\",\"target\":[\"https:\\\/\\\/downtownmoncton.com\\\/press\\\/holiday-season\\\/\"]}]},{\"@type\":\"ImageObject\",\"inLanguage\":\"fr-CA\",\"@id\":\"https:\\\/\\\/downtownmoncton.com\\\/press\\\/holiday-season\\\/#primaryimage\",\"url\":\"https:\\\/\\\/downtownmoncton.com\\\/wp-content\\\/uploads\\\/2020\\\/06\\\/logo-dmci.jpeg\",\"contentUrl\":\"https:\\\/\\\/downtownmoncton.com\\\/wp-content\\\/uploads\\\/2020\\\/06\\\/logo-dmci.jpeg\"},{\"@type\":\"BreadcrumbList\",\"@id\":\"https:\\\/\\\/downtownmoncton.com\\\/press\\\/holiday-season\\\/#breadcrumb\",\"itemListElement\":[{\"@type\":\"ListItem\",\"position\":1,\"name\":\"Home\",\"item\":\"https:\\\/\\\/downtownmoncton.com\\\/fr\\\/\"},{\"@type\":\"ListItem\",\"position\":2,\"name\":\"Downtown Moncton Centre-ville Inc. lance les activit\u00e9s du temps des F\u00eates 2019 au centre-ville!\"}]},{\"@type\":\"WebSite\",\"@id\":\"https:\\\/\\\/downtownmoncton.com\\\/#website\",\"url\":\"https:\\\/\\\/downtownmoncton.com\\\/\",\"name\":\"Downtown Moncton Centre-ville Inc.\",\"description\":\"Dedicated to the heart of Metro Moncton!\",\"potentialAction\":[{\"@type\":\"SearchAction\",\"target\":{\"@type\":\"EntryPoint\",\"urlTemplate\":\"https:\\\/\\\/downtownmoncton.com\\\/?s={search_term_string}\"},\"query-input\":{\"@type\":\"PropertyValueSpecification\",\"valueRequired\":true,\"valueName\":\"search_term_string\"}}],\"inLanguage\":\"fr-CA\"},{\"@type\":\"Person\",\"@id\":\"https:\\\/\\\/downtownmoncton.com\\\/#\\\/schema\\\/person\\\/ee927c4a1ae2fb61cb8d80e4c0bf2258\",\"name\":\"Downtown Moncton Centre-ville\",\"sameAs\":[\"https:\\\/\\\/downtownmoncton.com\"]}]}<\/script>\n<!-- \/ Yoast SEO plugin. -->","yoast_head_json":{"title":"Downtown Moncton Centre-ville Inc. lance les activit\u00e9s du temps des F\u00eates 2019 au centre-ville! - Downtown Moncton Centre-ville Inc.","robots":{"index":"index","follow":"follow","max-snippet":"max-snippet:-1","max-image-preview":"max-image-preview:large","max-video-preview":"max-video-preview:-1"},"canonical":"https:\/\/downtownmoncton.com\/press\/holiday-season\/","og_locale":"fr_CA","og_type":"article","og_title":"Downtown Moncton Centre-ville Inc. lance les activit\u00e9s du temps des F\u00eates 2019 au centre-ville! - Downtown Moncton Centre-ville Inc.","og_url":"https:\/\/downtownmoncton.com\/press\/holiday-season\/","og_site_name":"Downtown Moncton Centre-ville Inc.","article_published_time":"2019-11-14T19:17:06+00:00","article_modified_time":"2022-12-08T19:22:01+00:00","og_image":[{"url":"https:\/\/downtownmoncton.com\/wp-content\/uploads\/2020\/06\/logo-dmci.jpeg","type":"","width":"","height":""}],"author":"Downtown Moncton Centre-ville","twitter_card":"summary_large_image","twitter_misc":{"\u00c9crit par":"Downtown Moncton Centre-ville","Estimation du temps de lecture":"8 minutes"},"schema":{"@context":"https:\/\/schema.org","@graph":[{"@type":"Article","@id":"https:\/\/downtownmoncton.com\/press\/holiday-season\/#article","isPartOf":{"@id":"https:\/\/downtownmoncton.com\/press\/holiday-season\/"},"author":{"name":"Downtown Moncton Centre-ville","@id":"https:\/\/downtownmoncton.com\/#\/schema\/person\/ee927c4a1ae2fb61cb8d80e4c0bf2258"},"headline":"Downtown Moncton Centre-ville Inc. lance les activit\u00e9s du temps des F\u00eates 2019 au centre-ville!","datePublished":"2019-11-14T19:17:06+00:00","dateModified":"2022-12-08T19:22:01+00:00","mainEntityOfPage":{"@id":"https:\/\/downtownmoncton.com\/press\/holiday-season\/"},"wordCount":1574,"image":{"@id":"https:\/\/downtownmoncton.com\/press\/holiday-season\/#primaryimage"},"thumbnailUrl":"https:\/\/downtownmoncton.com\/wp-content\/uploads\/2020\/06\/logo-dmci.jpeg","articleSection":["M\u00e9dias"],"inLanguage":"fr-CA"},{"@type":"WebPage","@id":"https:\/\/downtownmoncton.com\/press\/holiday-season\/","url":"https:\/\/downtownmoncton.com\/press\/holiday-season\/","name":"Downtown Moncton Centre-ville Inc. lance les activit\u00e9s du temps des F\u00eates 2019 au centre-ville! - Downtown Moncton Centre-ville Inc.","isPartOf":{"@id":"https:\/\/downtownmoncton.com\/#website"},"primaryImageOfPage":{"@id":"https:\/\/downtownmoncton.com\/press\/holiday-season\/#primaryimage"},"image":{"@id":"https:\/\/downtownmoncton.com\/press\/holiday-season\/#primaryimage"},"thumbnailUrl":"https:\/\/downtownmoncton.com\/wp-content\/uploads\/2020\/06\/logo-dmci.jpeg","datePublished":"2019-11-14T19:17:06+00:00","dateModified":"2022-12-08T19:22:01+00:00","author":{"@id":"https:\/\/downtownmoncton.com\/#\/schema\/person\/ee927c4a1ae2fb61cb8d80e4c0bf2258"},"breadcrumb":{"@id":"https:\/\/downtownmoncton.com\/press\/holiday-season\/#breadcrumb"},"inLanguage":"fr-CA","potentialAction":[{"@type":"ReadAction","target":["https:\/\/downtownmoncton.com\/press\/holiday-season\/"]}]},{"@type":"ImageObject","inLanguage":"fr-CA","@id":"https:\/\/downtownmoncton.com\/press\/holiday-season\/#primaryimage","url":"https:\/\/downtownmoncton.com\/wp-content\/uploads\/2020\/06\/logo-dmci.jpeg","contentUrl":"https:\/\/downtownmoncton.com\/wp-content\/uploads\/2020\/06\/logo-dmci.jpeg"},{"@type":"BreadcrumbList","@id":"https:\/\/downtownmoncton.com\/press\/holiday-season\/#breadcrumb","itemListElement":[{"@type":"ListItem","position":1,"name":"Home","item":"https:\/\/downtownmoncton.com\/fr\/"},{"@type":"ListItem","position":2,"name":"Downtown Moncton Centre-ville Inc. lance les activit\u00e9s du temps des F\u00eates 2019 au centre-ville!"}]},{"@type":"WebSite","@id":"https:\/\/downtownmoncton.com\/#website","url":"https:\/\/downtownmoncton.com\/","name":"Downtown Moncton Centre-ville Inc.","description":"Dedicated to the heart of Metro Moncton!","potentialAction":[{"@type":"SearchAction","target":{"@type":"EntryPoint","urlTemplate":"https:\/\/downtownmoncton.com\/?s={search_term_string}"},"query-input":{"@type":"PropertyValueSpecification","valueRequired":true,"valueName":"search_term_string"}}],"inLanguage":"fr-CA"},{"@type":"Person","@id":"https:\/\/downtownmoncton.com\/#\/schema\/person\/ee927c4a1ae2fb61cb8d80e4c0bf2258","name":"Downtown Moncton Centre-ville","sameAs":["https:\/\/downtownmoncton.com"]}]}},"_links":{"self":[{"href":"https:\/\/downtownmoncton.com\/fr\/wp-json\/wp\/v2\/posts\/5818","targetHints":{"allow":["GET"]}}],"collection":[{"href":"https:\/\/downtownmoncton.com\/fr\/wp-json\/wp\/v2\/posts"}],"about":[{"href":"https:\/\/downtownmoncton.com\/fr\/wp-json\/wp\/v2\/types\/post"}],"author":[{"embeddable":true,"href":"https:\/\/downtownmoncton.com\/fr\/wp-json\/wp\/v2\/users\/1"}],"replies":[{"embeddable":true,"href":"https:\/\/downtownmoncton.com\/fr\/wp-json\/wp\/v2\/comments?post=5818"}],"version-history":[{"count":1,"href":"https:\/\/downtownmoncton.com\/fr\/wp-json\/wp\/v2\/posts\/5818\/revisions"}],"predecessor-version":[{"id":10753,"href":"https:\/\/downtownmoncton.com\/fr\/wp-json\/wp\/v2\/posts\/5818\/revisions\/10753"}],"wp:attachment":[{"href":"https:\/\/downtownmoncton.com\/fr\/wp-json\/wp\/v2\/media?parent=5818"}],"wp:term":[{"taxonomy":"category","embeddable":true,"href":"https:\/\/downtownmoncton.com\/fr\/wp-json\/wp\/v2\/categories?post=5818"},{"taxonomy":"post_tag","embeddable":true,"href":"https:\/\/downtownmoncton.com\/fr\/wp-json\/wp\/v2\/tags?post=5818"}],"curies":[{"name":"wp","href":"https:\/\/api.w.org\/{rel}","templated":true}]}}