{"id":19437,"date":"2023-12-21T07:33:46","date_gmt":"2023-12-21T11:33:46","guid":{"rendered":"https:\/\/downtownmoncton.com\/?p=19437"},"modified":"2023-12-21T07:34:15","modified_gmt":"2023-12-21T11:34:15","slug":"mise-a-jour-sur-la-securite-du-centre-ville-de-moncton","status":"publish","type":"post","link":"https:\/\/downtownmoncton.com\/fr\/medias\/mise-a-jour-sur-la-securite-du-centre-ville-de-moncton\/","title":{"rendered":"Mise \u00e0 jour sur la s\u00e9curit\u00e9 du Centre-ville de Moncton"},"content":{"rendered":"<div class=\"fusion-fullwidth fullwidth-box fusion-builder-row-1 fusion-flex-container nonhundred-percent-fullwidth non-hundred-percent-height-scrolling\" style=\"--awb-border-radius-top-left:0px;--awb-border-radius-top-right:0px;--awb-border-radius-bottom-right:0px;--awb-border-radius-bottom-left:0px;--awb-flex-wrap:wrap;\" ><div class=\"fusion-builder-row fusion-row fusion-flex-align-items-flex-start fusion-flex-content-wrap\" style=\"max-width:1248px;margin-left: calc(-4% \/ 2 );margin-right: calc(-4% \/ 2 );\"><div class=\"fusion-layout-column fusion_builder_column fusion-builder-column-0 fusion_builder_column_1_1 1_1 fusion-flex-column\" style=\"--awb-bg-size:cover;--awb-width-large:100%;--awb-margin-top-large:0px;--awb-spacing-right-large:1.92%;--awb-margin-bottom-large:0px;--awb-spacing-left-large:1.92%;--awb-width-medium:100%;--awb-spacing-right-medium:1.92%;--awb-spacing-left-medium:1.92%;--awb-width-small:100%;--awb-spacing-right-small:1.92%;--awb-spacing-left-small:1.92%;\"><div class=\"fusion-column-wrapper fusion-flex-justify-content-flex-start fusion-content-layout-column\"><div class=\"fusion-text fusion-text-1\"><p>Avec l&rsquo;ouverture du nouveau bureau de la Police communautaire de la GRC r\u00e9gionale de Codiac sur la rue Main, la visibilit\u00e9 de la police au centre-ville est accrue. Ils ont\u00a0une voiture de police gar\u00e9e devant le 795 rue Main, et des policiers \u00e0 cet endroit 7 jours sur 7.<\/p>\n<p>La police communautaire dirigera des sessions de formation sur la d\u00e9sescalade au cours de la nouvelle ann\u00e9e \u00e0 partir du 15 janvier. Ces sessions de formation seront ouvertes aux propri\u00e9taires d&rsquo;entreprises locales qui souhaitent acqu\u00e9rir des comp\u00e9tences pour identifier, pr\u00e9venir et d\u00e9samorcer les conflits, l&rsquo;agitation, la violence verbale et l&rsquo;agression.<\/p>\n<p>Tout au long du mois de d\u00e9cembre, la police communautaire a effectu\u00e9e des patrouilles sporadiques dans des endroits achaland\u00e9s de Moncton, y compris les h\u00f4tels du centre-ville, et a laiss\u00e9 des pancartes \u00e0 l&rsquo;int\u00e9rieur des v\u00e9hicules non verrouill\u00e9s pour rappeler aux citoyens de verrouiller leurs porti\u00e8res.<\/p>\n<p>L&rsquo;unit\u00e9 de police communautaire continue de r\u00e9pondre aux demandes CPTED (Crime Prevention Through Environmental Design) \u00e9manant des propri\u00e9taires d&rsquo;entreprises locales. Une analyse CPTED est men\u00e9e par du personnel policier qualifi\u00e9 qui visite votre entreprise et formule des recommandations sur la mani\u00e8re dont vous pouvez accro\u00eetre de mani\u00e8re ad\u00e9quate la s\u00e9curit\u00e9 sur votre lieu de travail. Pour demander un CPTED, veuillez contacter\u00a0<a href=\"mailto:CPPC-Codiac@rcmp-grc.gc.ca\">CPPC-Codiac@rcmp-grc.gc.ca<\/a>.<\/p>\n<p>Avec l&rsquo;ouverture des nouveaux bureaux de la police communautaire au 795, rue Main, la GRC r\u00e9gionale de Codiac a le plaisir d&rsquo;\u00eatre au c\u0153ur de la communaut\u00e9 qu&rsquo;ils\u00a0servent. Depuis l&rsquo;installation dans le\u00a0nouvel emplacement, les membres\u00a0ont eu l\u2019occasion de rencontrer de nombreux propri\u00e9taires d\u2019entreprises du centre-ville et d\u2019\u00e9couter vos pr\u00e9occupations concernant la s\u00e9curit\u00e9 au centre-ville.<\/p>\n<p>La GRC tient\u00a0\u00e0 rappeler qu&rsquo;ils\u00a0prenent\u00a0toutes les pr\u00e9occupations au s\u00e9rieux et qu&rsquo;ils s&rsquo;engagent\u00a0\u00e0 assurer la s\u00fbret\u00e9 et la s\u00e9curit\u00e9 de tous les citoyens.<\/p>\n<p>N&rsquo;oubliez pas que tout comportement suspect ou probl\u00e8me de s\u00e9curit\u00e9 doit toujours \u00eatre signal\u00e9 en appelant le 506-857-2400. Si vous constatez un crime en cours ou si vous \u00eates t\u00e9moin d&rsquo;une urgence, appelez imm\u00e9diatement le 9-1-1.<\/p>\n<p>Les crimes tels que les m\u00e9faits\/dommages \u00e0 des biens de moins de 5 000 $, le vol de moins de 5 000 $, y compris le vol de v\u00e9lo et le vol dans un v\u00e9hicule de moins de 5 000 $ et la perte de biens peuvent \u00eatre signal\u00e9s au 506-857-2400 ou via le site Web de signalement en ligne des crimes.\u00a0<a href=\"https:\/\/ocre-sielc.rcmp-grc.gc.ca\/nb\/fr\" data-saferedirecturl=\"https:\/\/www.google.com\/url?q=https:\/\/ocre-sielc.rcmp-grc.gc.ca\/nb\/fr&amp;source=gmail&amp;ust=1703242981537000&amp;usg=AOvVaw31x9Gh3st0YYtfQAGxwUzp\">Signalement de la criminalit\u00e9 en ligne (rcmp-grc.gc.ca)<\/a><\/p>\n<p><strong>Pour plus d&rsquo;informations, veuillez contacter:<\/strong><b><br \/>\n<strong>\u00a0<\/strong><br \/>\n<strong>Melissa Hachey<\/strong><\/b><br \/>\nGestionnaire des relations communautaires<br \/>\nService r\u00e9gional de Codiac de la GRC<br \/>\nT\u00e9l\u00e9phone (506) 856-8130<br \/>\n<a href=\"mailto:Melissa.Hachey@rcmp-grc.gc.ca\" target=\"_blank\" rel=\"noopener\">Melissa.Hachey@rcmp-grc.gc.ca<\/a><\/p>\n<\/div><\/div><\/div><\/div><\/div>\n","protected":false},"excerpt":{"rendered":"","protected":false},"author":1,"featured_media":0,"comment_status":"closed","ping_status":"closed","sticky":false,"template":"","format":"standard","meta":{"_monsterinsights_skip_tracking":false,"_monsterinsights_sitenote_active":false,"_monsterinsights_sitenote_note":"","_monsterinsights_sitenote_category":0,"footnotes":""},"categories":[102],"tags":[],"class_list":["post-19437","post","type-post","status-publish","format-standard","hentry","category-medias"],"yoast_head":"<!-- This site is optimized with the Yoast SEO plugin v27.3 - https:\/\/yoast.com\/product\/yoast-seo-wordpress\/ -->\n<title>Mise \u00e0 jour sur la s\u00e9curit\u00e9 du Centre-ville de Moncton - Downtown Moncton Centre-ville Inc.<\/title>\n<meta name=\"robots\" content=\"index, follow, max-snippet:-1, max-image-preview:large, max-video-preview:-1\" \/>\n<link rel=\"canonical\" href=\"https:\/\/downtownmoncton.com\/fr\/medias\/mise-a-jour-sur-la-securite-du-centre-ville-de-moncton\/\" \/>\n<meta property=\"og:locale\" content=\"fr_CA\" \/>\n<meta property=\"og:type\" content=\"article\" \/>\n<meta property=\"og:title\" content=\"Mise \u00e0 jour sur la s\u00e9curit\u00e9 du Centre-ville de Moncton - Downtown Moncton Centre-ville Inc.\" \/>\n<meta property=\"og:url\" content=\"https:\/\/downtownmoncton.com\/fr\/medias\/mise-a-jour-sur-la-securite-du-centre-ville-de-moncton\/\" \/>\n<meta property=\"og:site_name\" content=\"Downtown Moncton Centre-ville Inc.\" \/>\n<meta property=\"article:published_time\" content=\"2023-12-21T11:33:46+00:00\" \/>\n<meta property=\"article:modified_time\" content=\"2023-12-21T11:34:15+00:00\" \/>\n<meta name=\"author\" content=\"Downtown Moncton Centre-ville\" \/>\n<meta name=\"twitter:card\" content=\"summary_large_image\" \/>\n<meta name=\"twitter:label1\" content=\"\u00c9crit par\" \/>\n\t<meta name=\"twitter:data1\" content=\"Downtown Moncton Centre-ville\" \/>\n\t<meta name=\"twitter:label2\" content=\"Estimation du temps de lecture\" \/>\n\t<meta name=\"twitter:data2\" content=\"3 minutes\" \/>\n<script type=\"application\/ld+json\" class=\"yoast-schema-graph\">{\"@context\":\"https:\\\/\\\/schema.org\",\"@graph\":[{\"@type\":\"Article\",\"@id\":\"https:\\\/\\\/downtownmoncton.com\\\/fr\\\/medias\\\/mise-a-jour-sur-la-securite-du-centre-ville-de-moncton\\\/#article\",\"isPartOf\":{\"@id\":\"https:\\\/\\\/downtownmoncton.com\\\/fr\\\/medias\\\/mise-a-jour-sur-la-securite-du-centre-ville-de-moncton\\\/\"},\"author\":{\"name\":\"Downtown Moncton Centre-ville\",\"@id\":\"https:\\\/\\\/downtownmoncton.com\\\/#\\\/schema\\\/person\\\/ee927c4a1ae2fb61cb8d80e4c0bf2258\"},\"headline\":\"Mise \u00e0 jour sur la s\u00e9curit\u00e9 du Centre-ville de Moncton\",\"datePublished\":\"2023-12-21T11:33:46+00:00\",\"dateModified\":\"2023-12-21T11:34:15+00:00\",\"mainEntityOfPage\":{\"@id\":\"https:\\\/\\\/downtownmoncton.com\\\/fr\\\/medias\\\/mise-a-jour-sur-la-securite-du-centre-ville-de-moncton\\\/\"},\"wordCount\":734,\"articleSection\":[\"M\u00e9dias\"],\"inLanguage\":\"fr-CA\"},{\"@type\":\"WebPage\",\"@id\":\"https:\\\/\\\/downtownmoncton.com\\\/fr\\\/medias\\\/mise-a-jour-sur-la-securite-du-centre-ville-de-moncton\\\/\",\"url\":\"https:\\\/\\\/downtownmoncton.com\\\/fr\\\/medias\\\/mise-a-jour-sur-la-securite-du-centre-ville-de-moncton\\\/\",\"name\":\"Mise \u00e0 jour sur la s\u00e9curit\u00e9 du Centre-ville de Moncton - Downtown Moncton Centre-ville Inc.\",\"isPartOf\":{\"@id\":\"https:\\\/\\\/downtownmoncton.com\\\/#website\"},\"datePublished\":\"2023-12-21T11:33:46+00:00\",\"dateModified\":\"2023-12-21T11:34:15+00:00\",\"author\":{\"@id\":\"https:\\\/\\\/downtownmoncton.com\\\/#\\\/schema\\\/person\\\/ee927c4a1ae2fb61cb8d80e4c0bf2258\"},\"breadcrumb\":{\"@id\":\"https:\\\/\\\/downtownmoncton.com\\\/fr\\\/medias\\\/mise-a-jour-sur-la-securite-du-centre-ville-de-moncton\\\/#breadcrumb\"},\"inLanguage\":\"fr-CA\",\"potentialAction\":[{\"@type\":\"ReadAction\",\"target\":[\"https:\\\/\\\/downtownmoncton.com\\\/fr\\\/medias\\\/mise-a-jour-sur-la-securite-du-centre-ville-de-moncton\\\/\"]}]},{\"@type\":\"BreadcrumbList\",\"@id\":\"https:\\\/\\\/downtownmoncton.com\\\/fr\\\/medias\\\/mise-a-jour-sur-la-securite-du-centre-ville-de-moncton\\\/#breadcrumb\",\"itemListElement\":[{\"@type\":\"ListItem\",\"position\":1,\"name\":\"Home\",\"item\":\"https:\\\/\\\/downtownmoncton.com\\\/fr\\\/\"},{\"@type\":\"ListItem\",\"position\":2,\"name\":\"Mise \u00e0 jour sur la s\u00e9curit\u00e9 du Centre-ville de Moncton\"}]},{\"@type\":\"WebSite\",\"@id\":\"https:\\\/\\\/downtownmoncton.com\\\/#website\",\"url\":\"https:\\\/\\\/downtownmoncton.com\\\/\",\"name\":\"Downtown Moncton Centre-ville Inc.\",\"description\":\"Dedicated to the heart of Metro Moncton!\",\"potentialAction\":[{\"@type\":\"SearchAction\",\"target\":{\"@type\":\"EntryPoint\",\"urlTemplate\":\"https:\\\/\\\/downtownmoncton.com\\\/?s={search_term_string}\"},\"query-input\":{\"@type\":\"PropertyValueSpecification\",\"valueRequired\":true,\"valueName\":\"search_term_string\"}}],\"inLanguage\":\"fr-CA\"},{\"@type\":\"Person\",\"@id\":\"https:\\\/\\\/downtownmoncton.com\\\/#\\\/schema\\\/person\\\/ee927c4a1ae2fb61cb8d80e4c0bf2258\",\"name\":\"Downtown Moncton Centre-ville\",\"sameAs\":[\"https:\\\/\\\/downtownmoncton.com\"]}]}<\/script>\n<!-- \/ Yoast SEO plugin. -->","yoast_head_json":{"title":"Mise \u00e0 jour sur la s\u00e9curit\u00e9 du Centre-ville de Moncton - Downtown Moncton Centre-ville Inc.","robots":{"index":"index","follow":"follow","max-snippet":"max-snippet:-1","max-image-preview":"max-image-preview:large","max-video-preview":"max-video-preview:-1"},"canonical":"https:\/\/downtownmoncton.com\/fr\/medias\/mise-a-jour-sur-la-securite-du-centre-ville-de-moncton\/","og_locale":"fr_CA","og_type":"article","og_title":"Mise \u00e0 jour sur la s\u00e9curit\u00e9 du Centre-ville de Moncton - Downtown Moncton Centre-ville Inc.","og_url":"https:\/\/downtownmoncton.com\/fr\/medias\/mise-a-jour-sur-la-securite-du-centre-ville-de-moncton\/","og_site_name":"Downtown Moncton Centre-ville Inc.","article_published_time":"2023-12-21T11:33:46+00:00","article_modified_time":"2023-12-21T11:34:15+00:00","author":"Downtown Moncton Centre-ville","twitter_card":"summary_large_image","twitter_misc":{"\u00c9crit par":"Downtown Moncton Centre-ville","Estimation du temps de lecture":"3 minutes"},"schema":{"@context":"https:\/\/schema.org","@graph":[{"@type":"Article","@id":"https:\/\/downtownmoncton.com\/fr\/medias\/mise-a-jour-sur-la-securite-du-centre-ville-de-moncton\/#article","isPartOf":{"@id":"https:\/\/downtownmoncton.com\/fr\/medias\/mise-a-jour-sur-la-securite-du-centre-ville-de-moncton\/"},"author":{"name":"Downtown Moncton Centre-ville","@id":"https:\/\/downtownmoncton.com\/#\/schema\/person\/ee927c4a1ae2fb61cb8d80e4c0bf2258"},"headline":"Mise \u00e0 jour sur la s\u00e9curit\u00e9 du Centre-ville de Moncton","datePublished":"2023-12-21T11:33:46+00:00","dateModified":"2023-12-21T11:34:15+00:00","mainEntityOfPage":{"@id":"https:\/\/downtownmoncton.com\/fr\/medias\/mise-a-jour-sur-la-securite-du-centre-ville-de-moncton\/"},"wordCount":734,"articleSection":["M\u00e9dias"],"inLanguage":"fr-CA"},{"@type":"WebPage","@id":"https:\/\/downtownmoncton.com\/fr\/medias\/mise-a-jour-sur-la-securite-du-centre-ville-de-moncton\/","url":"https:\/\/downtownmoncton.com\/fr\/medias\/mise-a-jour-sur-la-securite-du-centre-ville-de-moncton\/","name":"Mise \u00e0 jour sur la s\u00e9curit\u00e9 du Centre-ville de Moncton - Downtown Moncton Centre-ville Inc.","isPartOf":{"@id":"https:\/\/downtownmoncton.com\/#website"},"datePublished":"2023-12-21T11:33:46+00:00","dateModified":"2023-12-21T11:34:15+00:00","author":{"@id":"https:\/\/downtownmoncton.com\/#\/schema\/person\/ee927c4a1ae2fb61cb8d80e4c0bf2258"},"breadcrumb":{"@id":"https:\/\/downtownmoncton.com\/fr\/medias\/mise-a-jour-sur-la-securite-du-centre-ville-de-moncton\/#breadcrumb"},"inLanguage":"fr-CA","potentialAction":[{"@type":"ReadAction","target":["https:\/\/downtownmoncton.com\/fr\/medias\/mise-a-jour-sur-la-securite-du-centre-ville-de-moncton\/"]}]},{"@type":"BreadcrumbList","@id":"https:\/\/downtownmoncton.com\/fr\/medias\/mise-a-jour-sur-la-securite-du-centre-ville-de-moncton\/#breadcrumb","itemListElement":[{"@type":"ListItem","position":1,"name":"Home","item":"https:\/\/downtownmoncton.com\/fr\/"},{"@type":"ListItem","position":2,"name":"Mise \u00e0 jour sur la s\u00e9curit\u00e9 du Centre-ville de Moncton"}]},{"@type":"WebSite","@id":"https:\/\/downtownmoncton.com\/#website","url":"https:\/\/downtownmoncton.com\/","name":"Downtown Moncton Centre-ville Inc.","description":"Dedicated to the heart of Metro Moncton!","potentialAction":[{"@type":"SearchAction","target":{"@type":"EntryPoint","urlTemplate":"https:\/\/downtownmoncton.com\/?s={search_term_string}"},"query-input":{"@type":"PropertyValueSpecification","valueRequired":true,"valueName":"search_term_string"}}],"inLanguage":"fr-CA"},{"@type":"Person","@id":"https:\/\/downtownmoncton.com\/#\/schema\/person\/ee927c4a1ae2fb61cb8d80e4c0bf2258","name":"Downtown Moncton Centre-ville","sameAs":["https:\/\/downtownmoncton.com"]}]}},"_links":{"self":[{"href":"https:\/\/downtownmoncton.com\/fr\/wp-json\/wp\/v2\/posts\/19437","targetHints":{"allow":["GET"]}}],"collection":[{"href":"https:\/\/downtownmoncton.com\/fr\/wp-json\/wp\/v2\/posts"}],"about":[{"href":"https:\/\/downtownmoncton.com\/fr\/wp-json\/wp\/v2\/types\/post"}],"author":[{"embeddable":true,"href":"https:\/\/downtownmoncton.com\/fr\/wp-json\/wp\/v2\/users\/1"}],"replies":[{"embeddable":true,"href":"https:\/\/downtownmoncton.com\/fr\/wp-json\/wp\/v2\/comments?post=19437"}],"version-history":[{"count":1,"href":"https:\/\/downtownmoncton.com\/fr\/wp-json\/wp\/v2\/posts\/19437\/revisions"}],"predecessor-version":[{"id":19438,"href":"https:\/\/downtownmoncton.com\/fr\/wp-json\/wp\/v2\/posts\/19437\/revisions\/19438"}],"wp:attachment":[{"href":"https:\/\/downtownmoncton.com\/fr\/wp-json\/wp\/v2\/media?parent=19437"}],"wp:term":[{"taxonomy":"category","embeddable":true,"href":"https:\/\/downtownmoncton.com\/fr\/wp-json\/wp\/v2\/categories?post=19437"},{"taxonomy":"post_tag","embeddable":true,"href":"https:\/\/downtownmoncton.com\/fr\/wp-json\/wp\/v2\/tags?post=19437"}],"curies":[{"name":"wp","href":"https:\/\/api.w.org\/{rel}","templated":true}]}}