{"id":19408,"date":"2023-12-05T13:15:43","date_gmt":"2023-12-05T17:15:43","guid":{"rendered":"https:\/\/downtownmoncton.com\/beautification-funds-for-business-improvement-areas\/"},"modified":"2023-12-05T13:36:31","modified_gmt":"2023-12-05T17:36:31","slug":"fonds-dembellissement-pour-les-zones-damelioration-des-affaires","status":"publish","type":"post","link":"https:\/\/downtownmoncton.com\/fr\/medias\/fonds-dembellissement-pour-les-zones-damelioration-des-affaires\/","title":{"rendered":"Fonds d\u2019embellissement pour les zones d\u2019am\u00e9lioration des affaires"},"content":{"rendered":"<div class=\"fusion-fullwidth fullwidth-box fusion-builder-row-1 fusion-flex-container nonhundred-percent-fullwidth non-hundred-percent-height-scrolling\" style=\"--awb-border-radius-top-left:0px;--awb-border-radius-top-right:0px;--awb-border-radius-bottom-right:0px;--awb-border-radius-bottom-left:0px;--awb-flex-wrap:wrap;\" ><div class=\"fusion-builder-row fusion-row fusion-flex-align-items-flex-start fusion-flex-content-wrap\" style=\"max-width:1248px;margin-left: calc(-4% \/ 2 );margin-right: calc(-4% \/ 2 );\"><div class=\"fusion-layout-column fusion_builder_column fusion-builder-column-0 fusion_builder_column_1_1 1_1 fusion-flex-column\" style=\"--awb-bg-size:cover;--awb-width-large:100%;--awb-margin-top-large:0px;--awb-spacing-right-large:1.92%;--awb-margin-bottom-large:0px;--awb-spacing-left-large:1.92%;--awb-width-medium:100%;--awb-spacing-right-medium:1.92%;--awb-spacing-left-medium:1.92%;--awb-width-small:100%;--awb-spacing-right-small:1.92%;--awb-spacing-left-small:1.92%;\"><div class=\"fusion-column-wrapper fusion-flex-justify-content-flex-start fusion-content-layout-column\"><div class=\"fusion-text fusion-text-1\"><h2 class=\"fusion-responsive-typography-calculated\" style=\"text-align: center;\" data-fontsize=\"25\" data-lineheight=\"27.5px\"><b>COMMUNIQU\u00c9 DE PRESSE<br \/>\n<\/b><b>POUR DIFFUSION IMM\u00c9DIATE\u00a0<\/b><\/h2>\n<h3 style=\"text-align: center;\">FONDS D\u2019EMBELLISSEMENT POUR LES ZONES D\u2019AM\u00c9LIORATION DES AFFAIRES<\/h3>\n<p>MONCTON, NB &#8211; 5 d\u00e9cembre, 2023<\/p>\n<p><span style=\"font-weight: 400;\">Les Zones d\u2019Am\u00e9lioration des Affaires (ZAA) au Nouveau-Brunswick ont re\u00e7u du financement du minist\u00e8re provincial de l\u2019Environnement et des Gouvernements locaux, dans le cadre de l<\/span><b>\u2019Initiative d\u2019investissement pour les Zones d\u2019Am\u00e9lioration des Affaires. <\/b><span style=\"font-weight: 400;\">Cette initiative est administr\u00e9e par l\u2019Association Centre-ville NB et offre des subventions pour des projets \u00e0 frais partag\u00e9s financ\u00e9s en partie par les Zones d\u2019Am\u00e9lioration des Affaires de la province du Nouveau<\/span><span style=\"font-weight: 400;\">\u2011<\/span><span style=\"font-weight: 400;\">Brunswick.\u00a0<\/span><\/p>\n<p><span style=\"font-weight: 400;\">Nous sommes heureux d\u2019annoncer que Downtown Moncton Centre-ville Inc. a re\u00e7u des fonds pour les projets suivants :\u00a0<\/span><\/p>\n<ul>\n<li><span style=\"font-weight: 400;\">PatioFest 2023 (\u00c9v\u00e9nement)\u00a0<\/span><\/li>\n<li><span style=\"font-weight: 400;\">Le plan strat\u00e9gique de Downtown Moncton Centre-ville Inc. 2024-2026 (Planification) <\/span><\/li>\n<li><span style=\"font-weight: 400;\">Vente de cartes-cadeaux DMCI (\u00c9v\u00e9nement)\u00a0<\/span><\/li>\n<\/ul>\n<p><span style=\"font-weight: 400;\">\u00ab\u00a0Ce financement a fourni le soutien n\u00e9cessaire \u00e0 notre deuxi\u00e8me s\u00e9rie annuelle de concerts PatioFest, au cours de laquelle nous avons accueilli 13 artistes sur 13 patios diff\u00e9rents du centre ville, en juin, juillet et ao\u00fbt derniers. Il a \u00e9galement aid\u00e9 \u00e0 couvrir nos d\u00e9penses de marketing et de promotion pour notre vente record de cartes-cadeaux des F\u00eates, cette ann\u00e9e, au cours de laquelle nous avons vendu pour pr\u00e8s de 75 000 $ de cartes-cadeaux du centre-ville de Moncton, avec un rabais de 20 %. De plus, au d\u00e9but de 2024, il nous aidera \u00e0 investir dans un plan strat\u00e9gique pour le succ\u00e8s futur de notre organisation \u00ab\u00a0, a expliqu\u00e9 <\/span><b>Patrick Richard, directeur g\u00e9n\u00e9ral de Downtown Moncton Centre-ville Inc.\u00a0<\/b><\/p>\n<p><span style=\"font-weight: 400;\">\u201cLes centres-villes sont au c\u0153ur de chaque collectivit\u00e9 et leur succ\u00e8s est essentiel \u00e0 la prosp\u00e9rit\u00e9 \u00e9conomique de nos petites entreprises et de notre province\u00a0\u00bb, a d\u00e9clar\u00e9 <\/span><b>Greg Turner, ministre responsable d&rsquo;Opportunit\u00e9s NB, ministre responsable du D\u00e9veloppement \u00e9conomique et des Petites entreprises et d\u00e9put\u00e9 pour Moncton-Sud. <\/b><span style=\"font-weight: 400;\">\u00ab\u00a0Je suis heureux de voir les zones d&rsquo;am\u00e9lioration des affaires du Nouveau-Brunswick tirer parti de ce financement pour poursuivre leur croissance.\u00a0<\/span><\/p>\n<p><b>Trina MacDonald, pr\u00e9sidente de l\u2019Association Centre-ville Nouveau-Brunswick<\/b><span style=\"font-weight: 400;\">, est fi\u00e8re d\u2019annoncer que les 24 ZAA de la province ont re\u00e7u des subventions dans le cadre de cette initiative. \u00ab Nous avons accord\u00e9 des subventions pour aider \u00e0 financer plus de 45 projets dans les 24 ZAA de la province, ce qui g\u00e9n\u00e8re un d\u00e9veloppement \u00e9conomique de pr\u00e8s de 3 millions de dollars pour les centres-villes locaux de la province \u00bb. Elle ajoute : \u00ab Ce financement de la province a profit\u00e9 \u00e0 des projets de planification \u00e0 long terme, \u00e0 des investissements en immobilisations bien n\u00e9cessaires ainsi qu\u2019\u00e0 la mise en \u0153uvre d\u2019\u00e9v\u00e9nements sp\u00e9ciaux, de festivals et d\u2019activit\u00e9s culturelles pour aider \u00e0 promouvoir les entreprises locales et le tourisme dans la province. \u00bb\u00a0<\/span><\/p>\n<p style=\"text-align: center;\"><span style=\"font-weight: 400;\">Pour plus de renseignements sur les projets : <\/span><\/p>\n<p style=\"text-align: center;\">Patrick Richard, Directeur g\u00e9n\u00e9ral, DMCI<br \/>\n506-688-2008<br \/>\n<a href=\"mailto:prichard@downtownmoncton.com\">prichard@downtownmoncton.com<\/a><\/p>\n<p style=\"text-align: center;\">Pour plus de renseignements sur l\u2019Initiative d\u2019investissement:<\/p>\n<p style=\"text-align: center;\">Trina MacDonald, Pr\u00e9sidente de CNB<br \/>\n506-471-8689<br \/>\n<a href=\"mailto:trinam@businessfrednorth.ca\">trinam@businessfrednorth.ca<\/a><\/p>\n<\/div><\/div><\/div><\/div><\/div>\n","protected":false},"excerpt":{"rendered":"","protected":false},"author":1,"featured_media":0,"comment_status":"closed","ping_status":"closed","sticky":false,"template":"","format":"standard","meta":{"_monsterinsights_skip_tracking":false,"_monsterinsights_sitenote_active":false,"_monsterinsights_sitenote_note":"","_monsterinsights_sitenote_category":0,"footnotes":""},"categories":[102],"tags":[],"class_list":["post-19408","post","type-post","status-publish","format-standard","hentry","category-medias"],"yoast_head":"<!-- This site is optimized with the Yoast SEO plugin v27.3 - https:\/\/yoast.com\/product\/yoast-seo-wordpress\/ -->\n<title>Fonds d\u2019embellissement pour les zones d\u2019am\u00e9lioration des affaires - Downtown Moncton Centre-ville Inc.<\/title>\n<meta name=\"robots\" content=\"index, follow, max-snippet:-1, max-image-preview:large, max-video-preview:-1\" \/>\n<link rel=\"canonical\" href=\"https:\/\/downtownmoncton.com\/fr\/medias\/fonds-dembellissement-pour-les-zones-damelioration-des-affaires\/\" \/>\n<meta property=\"og:locale\" content=\"fr_CA\" \/>\n<meta property=\"og:type\" content=\"article\" \/>\n<meta property=\"og:title\" content=\"Fonds d\u2019embellissement pour les zones d\u2019am\u00e9lioration des affaires - Downtown Moncton Centre-ville Inc.\" \/>\n<meta property=\"og:url\" content=\"https:\/\/downtownmoncton.com\/fr\/medias\/fonds-dembellissement-pour-les-zones-damelioration-des-affaires\/\" \/>\n<meta property=\"og:site_name\" content=\"Downtown Moncton Centre-ville Inc.\" \/>\n<meta property=\"article:published_time\" content=\"2023-12-05T17:15:43+00:00\" \/>\n<meta property=\"article:modified_time\" content=\"2023-12-05T17:36:31+00:00\" \/>\n<meta name=\"author\" content=\"Downtown Moncton Centre-ville\" \/>\n<meta name=\"twitter:card\" content=\"summary_large_image\" \/>\n<meta name=\"twitter:label1\" content=\"\u00c9crit par\" \/>\n\t<meta name=\"twitter:data1\" content=\"Downtown Moncton Centre-ville\" \/>\n\t<meta name=\"twitter:label2\" content=\"Estimation du temps de lecture\" \/>\n\t<meta name=\"twitter:data2\" content=\"3 minutes\" \/>\n<script type=\"application\/ld+json\" class=\"yoast-schema-graph\">{\"@context\":\"https:\\\/\\\/schema.org\",\"@graph\":[{\"@type\":\"Article\",\"@id\":\"https:\\\/\\\/downtownmoncton.com\\\/fr\\\/medias\\\/fonds-dembellissement-pour-les-zones-damelioration-des-affaires\\\/#article\",\"isPartOf\":{\"@id\":\"https:\\\/\\\/downtownmoncton.com\\\/fr\\\/medias\\\/fonds-dembellissement-pour-les-zones-damelioration-des-affaires\\\/\"},\"author\":{\"name\":\"Downtown Moncton Centre-ville\",\"@id\":\"https:\\\/\\\/downtownmoncton.com\\\/#\\\/schema\\\/person\\\/ee927c4a1ae2fb61cb8d80e4c0bf2258\"},\"headline\":\"Fonds d\u2019embellissement pour les zones d\u2019am\u00e9lioration des affaires\",\"datePublished\":\"2023-12-05T17:15:43+00:00\",\"dateModified\":\"2023-12-05T17:36:31+00:00\",\"mainEntityOfPage\":{\"@id\":\"https:\\\/\\\/downtownmoncton.com\\\/fr\\\/medias\\\/fonds-dembellissement-pour-les-zones-damelioration-des-affaires\\\/\"},\"wordCount\":761,\"articleSection\":[\"M\u00e9dias\"],\"inLanguage\":\"fr-CA\"},{\"@type\":\"WebPage\",\"@id\":\"https:\\\/\\\/downtownmoncton.com\\\/fr\\\/medias\\\/fonds-dembellissement-pour-les-zones-damelioration-des-affaires\\\/\",\"url\":\"https:\\\/\\\/downtownmoncton.com\\\/fr\\\/medias\\\/fonds-dembellissement-pour-les-zones-damelioration-des-affaires\\\/\",\"name\":\"Fonds d\u2019embellissement pour les zones d\u2019am\u00e9lioration des affaires - Downtown Moncton Centre-ville Inc.\",\"isPartOf\":{\"@id\":\"https:\\\/\\\/downtownmoncton.com\\\/#website\"},\"datePublished\":\"2023-12-05T17:15:43+00:00\",\"dateModified\":\"2023-12-05T17:36:31+00:00\",\"author\":{\"@id\":\"https:\\\/\\\/downtownmoncton.com\\\/#\\\/schema\\\/person\\\/ee927c4a1ae2fb61cb8d80e4c0bf2258\"},\"breadcrumb\":{\"@id\":\"https:\\\/\\\/downtownmoncton.com\\\/fr\\\/medias\\\/fonds-dembellissement-pour-les-zones-damelioration-des-affaires\\\/#breadcrumb\"},\"inLanguage\":\"fr-CA\",\"potentialAction\":[{\"@type\":\"ReadAction\",\"target\":[\"https:\\\/\\\/downtownmoncton.com\\\/fr\\\/medias\\\/fonds-dembellissement-pour-les-zones-damelioration-des-affaires\\\/\"]}]},{\"@type\":\"BreadcrumbList\",\"@id\":\"https:\\\/\\\/downtownmoncton.com\\\/fr\\\/medias\\\/fonds-dembellissement-pour-les-zones-damelioration-des-affaires\\\/#breadcrumb\",\"itemListElement\":[{\"@type\":\"ListItem\",\"position\":1,\"name\":\"Home\",\"item\":\"https:\\\/\\\/downtownmoncton.com\\\/fr\\\/\"},{\"@type\":\"ListItem\",\"position\":2,\"name\":\"Fonds d\u2019embellissement pour les zones d\u2019am\u00e9lioration des affaires\"}]},{\"@type\":\"WebSite\",\"@id\":\"https:\\\/\\\/downtownmoncton.com\\\/#website\",\"url\":\"https:\\\/\\\/downtownmoncton.com\\\/\",\"name\":\"Downtown Moncton Centre-ville Inc.\",\"description\":\"Dedicated to the heart of Metro Moncton!\",\"potentialAction\":[{\"@type\":\"SearchAction\",\"target\":{\"@type\":\"EntryPoint\",\"urlTemplate\":\"https:\\\/\\\/downtownmoncton.com\\\/?s={search_term_string}\"},\"query-input\":{\"@type\":\"PropertyValueSpecification\",\"valueRequired\":true,\"valueName\":\"search_term_string\"}}],\"inLanguage\":\"fr-CA\"},{\"@type\":\"Person\",\"@id\":\"https:\\\/\\\/downtownmoncton.com\\\/#\\\/schema\\\/person\\\/ee927c4a1ae2fb61cb8d80e4c0bf2258\",\"name\":\"Downtown Moncton Centre-ville\",\"sameAs\":[\"https:\\\/\\\/downtownmoncton.com\"]}]}<\/script>\n<!-- \/ Yoast SEO plugin. -->","yoast_head_json":{"title":"Fonds d\u2019embellissement pour les zones d\u2019am\u00e9lioration des affaires - Downtown Moncton Centre-ville Inc.","robots":{"index":"index","follow":"follow","max-snippet":"max-snippet:-1","max-image-preview":"max-image-preview:large","max-video-preview":"max-video-preview:-1"},"canonical":"https:\/\/downtownmoncton.com\/fr\/medias\/fonds-dembellissement-pour-les-zones-damelioration-des-affaires\/","og_locale":"fr_CA","og_type":"article","og_title":"Fonds d\u2019embellissement pour les zones d\u2019am\u00e9lioration des affaires - Downtown Moncton Centre-ville Inc.","og_url":"https:\/\/downtownmoncton.com\/fr\/medias\/fonds-dembellissement-pour-les-zones-damelioration-des-affaires\/","og_site_name":"Downtown Moncton Centre-ville Inc.","article_published_time":"2023-12-05T17:15:43+00:00","article_modified_time":"2023-12-05T17:36:31+00:00","author":"Downtown Moncton Centre-ville","twitter_card":"summary_large_image","twitter_misc":{"\u00c9crit par":"Downtown Moncton Centre-ville","Estimation du temps de lecture":"3 minutes"},"schema":{"@context":"https:\/\/schema.org","@graph":[{"@type":"Article","@id":"https:\/\/downtownmoncton.com\/fr\/medias\/fonds-dembellissement-pour-les-zones-damelioration-des-affaires\/#article","isPartOf":{"@id":"https:\/\/downtownmoncton.com\/fr\/medias\/fonds-dembellissement-pour-les-zones-damelioration-des-affaires\/"},"author":{"name":"Downtown Moncton Centre-ville","@id":"https:\/\/downtownmoncton.com\/#\/schema\/person\/ee927c4a1ae2fb61cb8d80e4c0bf2258"},"headline":"Fonds d\u2019embellissement pour les zones d\u2019am\u00e9lioration des affaires","datePublished":"2023-12-05T17:15:43+00:00","dateModified":"2023-12-05T17:36:31+00:00","mainEntityOfPage":{"@id":"https:\/\/downtownmoncton.com\/fr\/medias\/fonds-dembellissement-pour-les-zones-damelioration-des-affaires\/"},"wordCount":761,"articleSection":["M\u00e9dias"],"inLanguage":"fr-CA"},{"@type":"WebPage","@id":"https:\/\/downtownmoncton.com\/fr\/medias\/fonds-dembellissement-pour-les-zones-damelioration-des-affaires\/","url":"https:\/\/downtownmoncton.com\/fr\/medias\/fonds-dembellissement-pour-les-zones-damelioration-des-affaires\/","name":"Fonds d\u2019embellissement pour les zones d\u2019am\u00e9lioration des affaires - Downtown Moncton Centre-ville Inc.","isPartOf":{"@id":"https:\/\/downtownmoncton.com\/#website"},"datePublished":"2023-12-05T17:15:43+00:00","dateModified":"2023-12-05T17:36:31+00:00","author":{"@id":"https:\/\/downtownmoncton.com\/#\/schema\/person\/ee927c4a1ae2fb61cb8d80e4c0bf2258"},"breadcrumb":{"@id":"https:\/\/downtownmoncton.com\/fr\/medias\/fonds-dembellissement-pour-les-zones-damelioration-des-affaires\/#breadcrumb"},"inLanguage":"fr-CA","potentialAction":[{"@type":"ReadAction","target":["https:\/\/downtownmoncton.com\/fr\/medias\/fonds-dembellissement-pour-les-zones-damelioration-des-affaires\/"]}]},{"@type":"BreadcrumbList","@id":"https:\/\/downtownmoncton.com\/fr\/medias\/fonds-dembellissement-pour-les-zones-damelioration-des-affaires\/#breadcrumb","itemListElement":[{"@type":"ListItem","position":1,"name":"Home","item":"https:\/\/downtownmoncton.com\/fr\/"},{"@type":"ListItem","position":2,"name":"Fonds d\u2019embellissement pour les zones d\u2019am\u00e9lioration des affaires"}]},{"@type":"WebSite","@id":"https:\/\/downtownmoncton.com\/#website","url":"https:\/\/downtownmoncton.com\/","name":"Downtown Moncton Centre-ville Inc.","description":"Dedicated to the heart of Metro Moncton!","potentialAction":[{"@type":"SearchAction","target":{"@type":"EntryPoint","urlTemplate":"https:\/\/downtownmoncton.com\/?s={search_term_string}"},"query-input":{"@type":"PropertyValueSpecification","valueRequired":true,"valueName":"search_term_string"}}],"inLanguage":"fr-CA"},{"@type":"Person","@id":"https:\/\/downtownmoncton.com\/#\/schema\/person\/ee927c4a1ae2fb61cb8d80e4c0bf2258","name":"Downtown Moncton Centre-ville","sameAs":["https:\/\/downtownmoncton.com"]}]}},"_links":{"self":[{"href":"https:\/\/downtownmoncton.com\/fr\/wp-json\/wp\/v2\/posts\/19408","targetHints":{"allow":["GET"]}}],"collection":[{"href":"https:\/\/downtownmoncton.com\/fr\/wp-json\/wp\/v2\/posts"}],"about":[{"href":"https:\/\/downtownmoncton.com\/fr\/wp-json\/wp\/v2\/types\/post"}],"author":[{"embeddable":true,"href":"https:\/\/downtownmoncton.com\/fr\/wp-json\/wp\/v2\/users\/1"}],"replies":[{"embeddable":true,"href":"https:\/\/downtownmoncton.com\/fr\/wp-json\/wp\/v2\/comments?post=19408"}],"version-history":[{"count":4,"href":"https:\/\/downtownmoncton.com\/fr\/wp-json\/wp\/v2\/posts\/19408\/revisions"}],"predecessor-version":[{"id":19414,"href":"https:\/\/downtownmoncton.com\/fr\/wp-json\/wp\/v2\/posts\/19408\/revisions\/19414"}],"wp:attachment":[{"href":"https:\/\/downtownmoncton.com\/fr\/wp-json\/wp\/v2\/media?parent=19408"}],"wp:term":[{"taxonomy":"category","embeddable":true,"href":"https:\/\/downtownmoncton.com\/fr\/wp-json\/wp\/v2\/categories?post=19408"},{"taxonomy":"post_tag","embeddable":true,"href":"https:\/\/downtownmoncton.com\/fr\/wp-json\/wp\/v2\/tags?post=19408"}],"curies":[{"name":"wp","href":"https:\/\/api.w.org\/{rel}","templated":true}]}}