{"id":11442,"date":"2023-04-05T08:59:19","date_gmt":"2023-04-05T11:59:19","guid":{"rendered":"https:\/\/downtownmoncton.com\/46th-annual-agm-press-release\/"},"modified":"2023-04-05T09:26:01","modified_gmt":"2023-04-05T12:26:01","slug":"communique-de-presse-46e-assemblee-generale-annuelle","status":"publish","type":"post","link":"https:\/\/downtownmoncton.com\/fr\/medias\/communique-de-presse-46e-assemblee-generale-annuelle\/","title":{"rendered":"46e Assembl\u00e9e g\u00e9n\u00e9rale annuelle"},"content":{"rendered":"<div class=\"fusion-fullwidth fullwidth-box fusion-builder-row-1 fusion-flex-container nonhundred-percent-fullwidth non-hundred-percent-height-scrolling\" style=\"--awb-border-radius-top-left:0px;--awb-border-radius-top-right:0px;--awb-border-radius-bottom-right:0px;--awb-border-radius-bottom-left:0px;--awb-flex-wrap:wrap;\" ><div class=\"fusion-builder-row fusion-row fusion-flex-align-items-flex-start fusion-flex-content-wrap\" style=\"max-width:1248px;margin-left: calc(-4% \/ 2 );margin-right: calc(-4% \/ 2 );\"><div class=\"fusion-layout-column fusion_builder_column fusion-builder-column-0 fusion_builder_column_1_1 1_1 fusion-flex-column\" style=\"--awb-bg-size:cover;--awb-width-large:100%;--awb-margin-top-large:0px;--awb-spacing-right-large:1.92%;--awb-margin-bottom-large:0px;--awb-spacing-left-large:1.92%;--awb-width-medium:100%;--awb-spacing-right-medium:1.92%;--awb-spacing-left-medium:1.92%;--awb-width-small:100%;--awb-spacing-right-small:1.92%;--awb-spacing-left-small:1.92%;\"><div class=\"fusion-column-wrapper fusion-flex-justify-content-flex-start fusion-content-layout-column\"><div class=\"fusion-text fusion-text-1\"><h2 style=\"text-align: center;\"><b>COMMUNIQU\u00c9 DE PRESSE\u00a0<\/b><\/h2>\n<h2 style=\"text-align: center;\"><b>POUR DIFFUSION IMM\u00c9DIATE\u00a0<\/b><\/h2>\n<p style=\"text-align: center;\"><b>Downtown Moncton Centre-ville Inc.\u00a0<\/b><\/p>\n<p style=\"text-align: center;\"><b>46<\/b><b>e <\/b><b>Assembl\u00e9e g\u00e9n\u00e9rale annuelle <\/b><\/p>\n<p><b>Moncton \u2013 Mardi, 4 avril 2023\u00a0<\/b><\/p>\n<p><span style=\"font-weight: 400;\">Pr\u00e9sident Jacques Allain a d\u00e9clar\u00e9 que 2022 \u00e9tait l&rsquo;ann\u00e9e des NOUVEAUX D\u00c9BUTS : \u00ab\u00a0Apr\u00e8s deux ann\u00e9es\u00a0 difficiles, de nouvelles entreprises se sont install\u00e9es, les entreprises existantes se sont r\u00e9imagin\u00e9es et de\u00a0 nouveaux \u00e9v\u00e9nements et festivals ont redonn\u00e9 vie au centre-ville. Ces nouveaut\u00e9s sont audacieuses,\u00a0 excitantes et revitalisantes, et ce qui revient donne l\u2019impression de nouveaut\u00e9 apr\u00e8s leur absence.\u00a0<\/span><\/p>\n<p><span style=\"font-weight: 400;\">\u00ab Depuis la fin de la pand\u00e9mie, DMCI a assist\u00e9 \u00e0 un boom d\u2019\u00e9v\u00e9nements culturels et de festivals, qui sont\u00a0 revenus plus forts que jamais. \u00bb a d\u00e9clar\u00e9 Patrick Richard, directeur g\u00e9n\u00e9ral de DMCI. Il poursuit : \u00ab Dans\u00a0 ce nouveau chapitre de DMCI, nous sommes impatients de d\u00e9velopper de nouveaux projets, de nouvelles\u00a0 id\u00e9es et de nouveaux processus, tout en conservant le travail remarquable que nous avons toujours\u00a0 fourni. \u00bb\u00a0<\/span><\/p>\n<p><span style=\"font-weight: 400;\">Les \u00e9tats financiers v\u00e9rifi\u00e9s de 2022 de DMCI ont \u00e9t\u00e9 pr\u00e9sent\u00e9s par la firme THIEL GREENE comptables\u00a0 professionnels agr\u00e9\u00e9s et ratifi\u00e9s par les membres pr\u00e9sents. THIEL GREENE a \u00e9t\u00e9 renomm\u00e9 en tant que\u00a0 v\u00e9rificateur pour 2023 et la pr\u00e9sentation du nouveau conseil d&rsquo;administration a eu lieu.\u00a0<\/span><\/p>\n<p><b>Le conseil d\u2019administration 2023-2024 est comme suit :\u00a0<\/b><\/p>\n<p><span style=\"font-weight: 400;\">Jacques Allain Halo Donuts, <\/span><b>Pr\u00e9sident\u00a0<\/b><\/p>\n<p><span style=\"font-weight: 400;\">Dominique Fontaine McInnis Cooper, <\/span><b>Vice-Pr\u00e9sidente\u00a0<\/b><\/p>\n<p><span style=\"font-weight: 400;\">Jeremy Mallais Deloitte, <\/span><b>Tr\u00e9sorier\u00a0<\/b><\/p>\n<p><span style=\"font-weight: 400;\">Denis Foulem Groupe immobilier DuParc, <\/span><b>Pr\u00e9sident sortant\u00a0<\/b><\/p>\n<p><span style=\"font-weight: 400;\">Jim Dixon Ashford Investments\u00a0<\/span><\/p>\n<p><span style=\"font-weight: 400;\">Derek Brennan Architects Four Limited\u00a0<\/span><\/p>\n<p><span style=\"font-weight: 400;\">Christian Cyr Advanced Lodging Inc.<\/span><\/p>\n<p><span style=\"font-weight: 400;\">Conor Conway Epoch Chemistry\u00a0<\/span><\/p>\n<p><span style=\"font-weight: 400;\">Genevi\u00e8ve Maltais Th\u00e9\u00e2tre Capitol\u00a0<\/span><\/p>\n<p><span style=\"font-weight: 400;\">Jennifer Machum Fidelis Law\u00a0<\/span><\/p>\n<p><span style=\"font-weight: 400;\">Luc Babineau Ville de Moncton\u00a0<\/span><\/p>\n<p><span style=\"font-weight: 400;\">Martine Godbout Platinum Atlantic Realty Inc. DBA Colliers International Michelle Parker STILE Fashion\u00a0<\/span><\/p>\n<p><span style=\"font-weight: 400;\">Shawn Crossman Conseiller, Ville de Moncton\u00a0<\/span><\/p>\n<p><span style=\"font-weight: 400;\">Le rapport annuel 2023 de DMCI peut \u00eatre consult\u00e9 en ligne sur le site downtownmoncton.com.\u00a0<\/span><\/p>\n<p style=\"text-align: center;\"><span style=\"font-weight: 400;\">&#8211; 30 &#8211;\u00a0<\/span><\/p>\n<p style=\"text-align: center;\"><span style=\"font-weight: 400;\">Pour plus d\u2019information:\u00a0<\/span><\/p>\n<p style=\"text-align: center;\"><span style=\"font-weight: 400;\">Gabrielle Gagnon\u00a0<\/span><\/p>\n<p style=\"text-align: center;\"><span style=\"font-weight: 400;\">Coordonnatrice des communications &amp; marketing\u00a0<\/span><\/p>\n<p style=\"text-align: center;\"><span style=\"font-weight: 400;\">Downtown Moncton Centre-ville Inc.\u00a0<\/span><\/p>\n<p style=\"text-align: center;\"><span style=\"font-weight: 400;\">506-857-2991\u00a0<\/span><\/p>\n<p style=\"text-align: center;\"><span style=\"font-weight: 400;\">dmci@downtownmoncton.com<\/span><\/p>\n<\/div><\/div><\/div><\/div><\/div>\n","protected":false},"excerpt":{"rendered":"","protected":false},"author":1,"featured_media":0,"comment_status":"closed","ping_status":"closed","sticky":false,"template":"","format":"standard","meta":{"_monsterinsights_skip_tracking":false,"_monsterinsights_sitenote_active":false,"_monsterinsights_sitenote_note":"","_monsterinsights_sitenote_category":0,"footnotes":""},"categories":[102],"tags":[],"class_list":["post-11442","post","type-post","status-publish","format-standard","hentry","category-medias"],"yoast_head":"<!-- This site is optimized with the Yoast SEO plugin v27.3 - https:\/\/yoast.com\/product\/yoast-seo-wordpress\/ -->\n<title>46e Assembl\u00e9e g\u00e9n\u00e9rale annuelle - Downtown Moncton Centre-ville Inc.<\/title>\n<meta name=\"robots\" content=\"index, follow, max-snippet:-1, max-image-preview:large, max-video-preview:-1\" \/>\n<link rel=\"canonical\" href=\"https:\/\/downtownmoncton.com\/fr\/medias\/communique-de-presse-46e-assemblee-generale-annuelle\/\" \/>\n<meta property=\"og:locale\" content=\"fr_CA\" \/>\n<meta property=\"og:type\" content=\"article\" \/>\n<meta property=\"og:title\" content=\"46e Assembl\u00e9e g\u00e9n\u00e9rale annuelle - Downtown Moncton Centre-ville Inc.\" \/>\n<meta property=\"og:url\" content=\"https:\/\/downtownmoncton.com\/fr\/medias\/communique-de-presse-46e-assemblee-generale-annuelle\/\" \/>\n<meta property=\"og:site_name\" content=\"Downtown Moncton Centre-ville Inc.\" \/>\n<meta property=\"article:published_time\" content=\"2023-04-05T11:59:19+00:00\" \/>\n<meta property=\"article:modified_time\" content=\"2023-04-05T12:26:01+00:00\" \/>\n<meta name=\"author\" content=\"Downtown Moncton Centre-ville\" \/>\n<meta name=\"twitter:card\" content=\"summary_large_image\" \/>\n<meta name=\"twitter:label1\" content=\"\u00c9crit par\" \/>\n\t<meta name=\"twitter:data1\" content=\"Downtown Moncton Centre-ville\" \/>\n\t<meta name=\"twitter:label2\" content=\"Estimation du temps de lecture\" \/>\n\t<meta name=\"twitter:data2\" content=\"2 minutes\" \/>\n<script type=\"application\/ld+json\" class=\"yoast-schema-graph\">{\"@context\":\"https:\\\/\\\/schema.org\",\"@graph\":[{\"@type\":\"Article\",\"@id\":\"https:\\\/\\\/downtownmoncton.com\\\/fr\\\/medias\\\/communique-de-presse-46e-assemblee-generale-annuelle\\\/#article\",\"isPartOf\":{\"@id\":\"https:\\\/\\\/downtownmoncton.com\\\/fr\\\/medias\\\/communique-de-presse-46e-assemblee-generale-annuelle\\\/\"},\"author\":{\"name\":\"Downtown Moncton Centre-ville\",\"@id\":\"https:\\\/\\\/downtownmoncton.com\\\/#\\\/schema\\\/person\\\/ee927c4a1ae2fb61cb8d80e4c0bf2258\"},\"headline\":\"46e Assembl\u00e9e g\u00e9n\u00e9rale annuelle\",\"datePublished\":\"2023-04-05T11:59:19+00:00\",\"dateModified\":\"2023-04-05T12:26:01+00:00\",\"mainEntityOfPage\":{\"@id\":\"https:\\\/\\\/downtownmoncton.com\\\/fr\\\/medias\\\/communique-de-presse-46e-assemblee-generale-annuelle\\\/\"},\"wordCount\":595,\"articleSection\":[\"M\u00e9dias\"],\"inLanguage\":\"fr-CA\"},{\"@type\":\"WebPage\",\"@id\":\"https:\\\/\\\/downtownmoncton.com\\\/fr\\\/medias\\\/communique-de-presse-46e-assemblee-generale-annuelle\\\/\",\"url\":\"https:\\\/\\\/downtownmoncton.com\\\/fr\\\/medias\\\/communique-de-presse-46e-assemblee-generale-annuelle\\\/\",\"name\":\"46e Assembl\u00e9e g\u00e9n\u00e9rale annuelle - Downtown Moncton Centre-ville Inc.\",\"isPartOf\":{\"@id\":\"https:\\\/\\\/downtownmoncton.com\\\/#website\"},\"datePublished\":\"2023-04-05T11:59:19+00:00\",\"dateModified\":\"2023-04-05T12:26:01+00:00\",\"author\":{\"@id\":\"https:\\\/\\\/downtownmoncton.com\\\/#\\\/schema\\\/person\\\/ee927c4a1ae2fb61cb8d80e4c0bf2258\"},\"breadcrumb\":{\"@id\":\"https:\\\/\\\/downtownmoncton.com\\\/fr\\\/medias\\\/communique-de-presse-46e-assemblee-generale-annuelle\\\/#breadcrumb\"},\"inLanguage\":\"fr-CA\",\"potentialAction\":[{\"@type\":\"ReadAction\",\"target\":[\"https:\\\/\\\/downtownmoncton.com\\\/fr\\\/medias\\\/communique-de-presse-46e-assemblee-generale-annuelle\\\/\"]}]},{\"@type\":\"BreadcrumbList\",\"@id\":\"https:\\\/\\\/downtownmoncton.com\\\/fr\\\/medias\\\/communique-de-presse-46e-assemblee-generale-annuelle\\\/#breadcrumb\",\"itemListElement\":[{\"@type\":\"ListItem\",\"position\":1,\"name\":\"Home\",\"item\":\"https:\\\/\\\/downtownmoncton.com\\\/fr\\\/\"},{\"@type\":\"ListItem\",\"position\":2,\"name\":\"46e Assembl\u00e9e g\u00e9n\u00e9rale annuelle\"}]},{\"@type\":\"WebSite\",\"@id\":\"https:\\\/\\\/downtownmoncton.com\\\/#website\",\"url\":\"https:\\\/\\\/downtownmoncton.com\\\/\",\"name\":\"Downtown Moncton Centre-ville Inc.\",\"description\":\"Dedicated to the heart of Metro Moncton!\",\"potentialAction\":[{\"@type\":\"SearchAction\",\"target\":{\"@type\":\"EntryPoint\",\"urlTemplate\":\"https:\\\/\\\/downtownmoncton.com\\\/?s={search_term_string}\"},\"query-input\":{\"@type\":\"PropertyValueSpecification\",\"valueRequired\":true,\"valueName\":\"search_term_string\"}}],\"inLanguage\":\"fr-CA\"},{\"@type\":\"Person\",\"@id\":\"https:\\\/\\\/downtownmoncton.com\\\/#\\\/schema\\\/person\\\/ee927c4a1ae2fb61cb8d80e4c0bf2258\",\"name\":\"Downtown Moncton Centre-ville\",\"sameAs\":[\"https:\\\/\\\/downtownmoncton.com\"]}]}<\/script>\n<!-- \/ Yoast SEO plugin. -->","yoast_head_json":{"title":"46e Assembl\u00e9e g\u00e9n\u00e9rale annuelle - Downtown Moncton Centre-ville Inc.","robots":{"index":"index","follow":"follow","max-snippet":"max-snippet:-1","max-image-preview":"max-image-preview:large","max-video-preview":"max-video-preview:-1"},"canonical":"https:\/\/downtownmoncton.com\/fr\/medias\/communique-de-presse-46e-assemblee-generale-annuelle\/","og_locale":"fr_CA","og_type":"article","og_title":"46e Assembl\u00e9e g\u00e9n\u00e9rale annuelle - Downtown Moncton Centre-ville Inc.","og_url":"https:\/\/downtownmoncton.com\/fr\/medias\/communique-de-presse-46e-assemblee-generale-annuelle\/","og_site_name":"Downtown Moncton Centre-ville Inc.","article_published_time":"2023-04-05T11:59:19+00:00","article_modified_time":"2023-04-05T12:26:01+00:00","author":"Downtown Moncton Centre-ville","twitter_card":"summary_large_image","twitter_misc":{"\u00c9crit par":"Downtown Moncton Centre-ville","Estimation du temps de lecture":"2 minutes"},"schema":{"@context":"https:\/\/schema.org","@graph":[{"@type":"Article","@id":"https:\/\/downtownmoncton.com\/fr\/medias\/communique-de-presse-46e-assemblee-generale-annuelle\/#article","isPartOf":{"@id":"https:\/\/downtownmoncton.com\/fr\/medias\/communique-de-presse-46e-assemblee-generale-annuelle\/"},"author":{"name":"Downtown Moncton Centre-ville","@id":"https:\/\/downtownmoncton.com\/#\/schema\/person\/ee927c4a1ae2fb61cb8d80e4c0bf2258"},"headline":"46e Assembl\u00e9e g\u00e9n\u00e9rale annuelle","datePublished":"2023-04-05T11:59:19+00:00","dateModified":"2023-04-05T12:26:01+00:00","mainEntityOfPage":{"@id":"https:\/\/downtownmoncton.com\/fr\/medias\/communique-de-presse-46e-assemblee-generale-annuelle\/"},"wordCount":595,"articleSection":["M\u00e9dias"],"inLanguage":"fr-CA"},{"@type":"WebPage","@id":"https:\/\/downtownmoncton.com\/fr\/medias\/communique-de-presse-46e-assemblee-generale-annuelle\/","url":"https:\/\/downtownmoncton.com\/fr\/medias\/communique-de-presse-46e-assemblee-generale-annuelle\/","name":"46e Assembl\u00e9e g\u00e9n\u00e9rale annuelle - Downtown Moncton Centre-ville Inc.","isPartOf":{"@id":"https:\/\/downtownmoncton.com\/#website"},"datePublished":"2023-04-05T11:59:19+00:00","dateModified":"2023-04-05T12:26:01+00:00","author":{"@id":"https:\/\/downtownmoncton.com\/#\/schema\/person\/ee927c4a1ae2fb61cb8d80e4c0bf2258"},"breadcrumb":{"@id":"https:\/\/downtownmoncton.com\/fr\/medias\/communique-de-presse-46e-assemblee-generale-annuelle\/#breadcrumb"},"inLanguage":"fr-CA","potentialAction":[{"@type":"ReadAction","target":["https:\/\/downtownmoncton.com\/fr\/medias\/communique-de-presse-46e-assemblee-generale-annuelle\/"]}]},{"@type":"BreadcrumbList","@id":"https:\/\/downtownmoncton.com\/fr\/medias\/communique-de-presse-46e-assemblee-generale-annuelle\/#breadcrumb","itemListElement":[{"@type":"ListItem","position":1,"name":"Home","item":"https:\/\/downtownmoncton.com\/fr\/"},{"@type":"ListItem","position":2,"name":"46e Assembl\u00e9e g\u00e9n\u00e9rale annuelle"}]},{"@type":"WebSite","@id":"https:\/\/downtownmoncton.com\/#website","url":"https:\/\/downtownmoncton.com\/","name":"Downtown Moncton Centre-ville Inc.","description":"Dedicated to the heart of Metro Moncton!","potentialAction":[{"@type":"SearchAction","target":{"@type":"EntryPoint","urlTemplate":"https:\/\/downtownmoncton.com\/?s={search_term_string}"},"query-input":{"@type":"PropertyValueSpecification","valueRequired":true,"valueName":"search_term_string"}}],"inLanguage":"fr-CA"},{"@type":"Person","@id":"https:\/\/downtownmoncton.com\/#\/schema\/person\/ee927c4a1ae2fb61cb8d80e4c0bf2258","name":"Downtown Moncton Centre-ville","sameAs":["https:\/\/downtownmoncton.com"]}]}},"_links":{"self":[{"href":"https:\/\/downtownmoncton.com\/fr\/wp-json\/wp\/v2\/posts\/11442","targetHints":{"allow":["GET"]}}],"collection":[{"href":"https:\/\/downtownmoncton.com\/fr\/wp-json\/wp\/v2\/posts"}],"about":[{"href":"https:\/\/downtownmoncton.com\/fr\/wp-json\/wp\/v2\/types\/post"}],"author":[{"embeddable":true,"href":"https:\/\/downtownmoncton.com\/fr\/wp-json\/wp\/v2\/users\/1"}],"replies":[{"embeddable":true,"href":"https:\/\/downtownmoncton.com\/fr\/wp-json\/wp\/v2\/comments?post=11442"}],"version-history":[{"count":2,"href":"https:\/\/downtownmoncton.com\/fr\/wp-json\/wp\/v2\/posts\/11442\/revisions"}],"predecessor-version":[{"id":11447,"href":"https:\/\/downtownmoncton.com\/fr\/wp-json\/wp\/v2\/posts\/11442\/revisions\/11447"}],"wp:attachment":[{"href":"https:\/\/downtownmoncton.com\/fr\/wp-json\/wp\/v2\/media?parent=11442"}],"wp:term":[{"taxonomy":"category","embeddable":true,"href":"https:\/\/downtownmoncton.com\/fr\/wp-json\/wp\/v2\/categories?post=11442"},{"taxonomy":"post_tag","embeddable":true,"href":"https:\/\/downtownmoncton.com\/fr\/wp-json\/wp\/v2\/tags?post=11442"}],"curies":[{"name":"wp","href":"https:\/\/api.w.org\/{rel}","templated":true}]}}