{"id":10386,"date":"2022-08-19T08:51:31","date_gmt":"2022-08-19T11:51:31","guid":{"rendered":"https:\/\/downtownmoncton.com\/?p=10386"},"modified":"2022-12-08T11:40:37","modified_gmt":"2022-12-08T15:40:37","slug":"candidatures-coodinatrice-ou-coordinateur-marketing-and-communications","status":"publish","type":"post","link":"https:\/\/downtownmoncton.com\/fr\/medias\/candidatures-coodinatrice-ou-coordinateur-marketing-and-communications\/","title":{"rendered":"DMCI accepte les candidatures pour notre prochain coordinatrice ou coordinateur de marketing et communication"},"content":{"rendered":"<div class=\"fusion-fullwidth fullwidth-box fusion-builder-row-1 fusion-flex-container nonhundred-percent-fullwidth non-hundred-percent-height-scrolling\" style=\"--awb-border-radius-top-left:0px;--awb-border-radius-top-right:0px;--awb-border-radius-bottom-right:0px;--awb-border-radius-bottom-left:0px;--awb-flex-wrap:wrap;\" ><div class=\"fusion-builder-row fusion-row fusion-flex-align-items-flex-start fusion-flex-content-wrap\" style=\"max-width:1248px;margin-left: calc(-4% \/ 2 );margin-right: calc(-4% \/ 2 );\"><div class=\"fusion-layout-column fusion_builder_column fusion-builder-column-0 fusion_builder_column_1_1 1_1 fusion-flex-column\" style=\"--awb-bg-size:cover;--awb-width-large:100%;--awb-margin-top-large:0px;--awb-spacing-right-large:1.92%;--awb-margin-bottom-large:0px;--awb-spacing-left-large:1.92%;--awb-width-medium:100%;--awb-spacing-right-medium:1.92%;--awb-spacing-left-medium:1.92%;--awb-width-small:100%;--awb-spacing-right-small:1.92%;--awb-spacing-left-small:1.92%;\"><div class=\"fusion-column-wrapper fusion-flex-justify-content-flex-start fusion-content-layout-column\"><div class=\"fusion-text fusion-text-1\"><p style=\"text-align: center;\"><b>Coordinatrice ou coordinateur de marketing et communication<br \/>\n<\/b><b>Downtown Moncton Centre-ville Inc.<\/b><\/p>\n<p><span style=\"font-weight: 400;\">Downtown Moncton Centre-ville Inc. (DMCI) cherche \u00e0 pourvoir le poste de coordinatrice ou coordinateur de marketing et communication de l\u2019organisme. Depuis 1977, DMCI appuie le centre-ville de Moncton dans la revitalisation et la croissance du milieu des affaires. DMCI est \u00e0 la recherche d\u2019une personne qualifi\u00e9e et motiv\u00e9e poss\u00e9dant des aptitudes av\u00e9r\u00e9es \u00e0 \u00e9tablir des relations, concevoir et mettre en \u0153uvre des strat\u00e9gies de communication-marketing, et soutenir le milieu des affaires.<\/span><\/p>\n<p><span style=\"font-weight: 400;\">Relevant du directeur g\u00e9n\u00e9ral et travaillant au sein d\u2019une \u00e9quipe, les responsabilit\u00e9s de la coordinatrice ou du coordinateur de marketing et communication comprennent, entre autres, les activit\u00e9s suivantes :<\/span><\/p>\n<ul>\n<li style=\"font-weight: 400;\" aria-level=\"1\"><span style=\"font-weight: 400;\">\u00c9tablir et entretenir de bonnes relations avec toutes les entreprises membres ainsi que les parties prenantes de l\u2019organisme;\u00a0<\/span><\/li>\n<li style=\"font-weight: 400;\" aria-level=\"1\"><span style=\"font-weight: 400;\">\u00c9laborer et mettre en oeuvre une strat\u00e9gie de communication-marketing annuelle;\u00a0\u00a0\u00a0<\/span><\/li>\n<li style=\"font-weight: 400;\" aria-level=\"1\"><span style=\"font-weight: 400;\">Concevoir une strat\u00e9gie de communication visant \u00e0 informer les membres ainsi que les partenaires de DMCI des activit\u00e9s et \u00e9v\u00e9nements qui auront des r\u00e9percussions sur le centre-ville;\u00a0<\/span><\/li>\n<li style=\"font-weight: 400;\" aria-level=\"1\"><span style=\"font-weight: 400;\">Travailler en collaboration avec les partenaires li\u00e9s au d\u00e9veloppement \u00e9conomique afin de renforcer la position de DMCI;\u00a0<\/span><\/li>\n<li style=\"font-weight: 400;\" aria-level=\"1\"><span style=\"font-weight: 400;\">Concevoir et mettre en oeuvre un budget de communication-marketing complet et d\u00e9taill\u00e9;<\/span><\/li>\n<li style=\"font-weight: 400;\" aria-level=\"1\"><span style=\"font-weight: 400;\">N\u00e9gocier et coordonner toutes les ventes li\u00e9es aux m\u00e9dias, trousses de publicit\u00e9 \u00e0 frais partag\u00e9s et toutes les publications promotionnelles;<\/span><\/li>\n<li style=\"font-weight: 400;\" aria-level=\"1\"><span style=\"font-weight: 400;\">Pr\u00e9parer efficacement les communiqu\u00e9s de presse au besoin;<\/span><\/li>\n<li style=\"font-weight: 400;\" aria-level=\"1\"><span style=\"font-weight: 400;\">\u00c9laborer et maintenir une base de donn\u00e9es efficace de fa\u00e7on continue \u2013 listes de courriels;<\/span><\/li>\n<li style=\"font-weight: 400;\" aria-level=\"1\"><span style=\"font-weight: 400;\">Effectuer d\u2019autres t\u00e2ches administratives au besoin.\u00a0<\/span><\/li>\n<\/ul>\n<p><strong>EXP\u00c9RIENCE REQUISE:<\/strong><\/p>\n<ul>\n<li style=\"font-weight: 400;\" aria-level=\"1\"><span style=\"font-weight: 400;\">Exp\u00e9rience dans la prestation de conseils, de directives et de services de communication \u00e0 un organisme;\u00a0<\/span><\/li>\n<li style=\"font-weight: 400;\" aria-level=\"1\"><span style=\"font-weight: 400;\">Exp\u00e9rience dans la pr\u00e9paration de plans de communication-marketing, de communiqu\u00e9s de presse et de lettres et communications;\u00a0<\/span><\/li>\n<li style=\"font-weight: 400;\" aria-level=\"1\"><span style=\"font-weight: 400;\">Exp\u00e9rience dans la gestion de projets et d\u2019\u00e9v\u00e9nements;<\/span><\/li>\n<li style=\"font-weight: 400;\" aria-level=\"1\"><span style=\"font-weight: 400;\">Exp\u00e9rience dans la production de documents imprim\u00e9s et multim\u00e9dias (Facebook, Instagram et Mail Chimp);<\/span><\/li>\n<li style=\"font-weight: 400;\" aria-level=\"1\"><span style=\"font-weight: 400;\">Connaissance des proc\u00e9d\u00e9s et pratiques en mati\u00e8re de communication-marketing.\u00a0<\/span><\/li>\n<\/ul>\n<p><strong>COMP\u00c9TENCES REQUISES :<\/strong><\/p>\n<ul>\n<li style=\"font-weight: 400;\" aria-level=\"1\"><span style=\"font-weight: 400;\">La personne qui occupera ce poste doit \u00eatre sociable, motiv\u00e9e et dispos\u00e9e \u00e0 travailler au sein d\u2019une \u00e9quipe;<\/span><\/li>\n<li style=\"font-weight: 400;\" aria-level=\"1\"><span style=\"font-weight: 400;\">Connaissance approfondie du mat\u00e9riel informatique et des programmes connexes requise afin d\u2019exercer les fonctions \u00e0 titre de coordinatrice ou coordonnateur de marketing et communication de fa\u00e7on optimale;<\/span><\/li>\n<li style=\"font-weight: 400;\" aria-level=\"1\"><span style=\"font-weight: 400;\">Excellente ma\u00eetrise du fran\u00e7ais et de l\u2019anglais, tant \u00e0 l\u2019oral qu\u2019\u00e0 l\u2019\u00e9crit;<\/span><\/li>\n<li style=\"font-weight: 400;\" aria-level=\"1\"><span style=\"font-weight: 400;\">Aptitude \u00e0 \u00e9tablir des priorit\u00e9s et \u00e9quilibrer plusieurs projets simultan\u00e9ment de fa\u00e7on organis\u00e9e et efficace;\u00a0<\/span><\/li>\n<li style=\"font-weight: 400;\" aria-level=\"1\"><span style=\"font-weight: 400;\">D\u00e9tenir un minimum de un \u00e0 trois ans d\u2019exp\u00e9rience en marketing, communication ou dans un domaine \u00e9quivalent;\u00a0\u00a0<\/span><\/li>\n<li style=\"font-weight: 400;\" aria-level=\"1\"><span style=\"font-weight: 400;\">Dipl\u00f4me universitaire ou coll\u00e9gial en communication ou dans un domaine li\u00e9 au marketing.\u00a0<\/span><\/li>\n<\/ul>\n<p><strong>SALAIRE ET AVANTAGES :<\/strong><\/p>\n<ul>\n<li style=\"font-weight: 400;\" aria-level=\"1\"><span style=\"font-weight: 400;\">Fourchette de salaire de 45\u00a0000 $ \u00e0 55\u00a0000 $;\u00a0<\/span><\/li>\n<li style=\"font-weight: 400;\" aria-level=\"1\"><span style=\"font-weight: 400;\">Vacances : l\u2019employ\u00e9e ou l\u2019employ\u00e9 ayant accumul\u00e9 moins de cinq ann\u00e9es d\u2019emploi a droit \u00e0 deux semaines de vacances pay\u00e9es par ann\u00e9e;<\/span><\/li>\n<li style=\"font-weight: 400;\" aria-level=\"1\"><span style=\"font-weight: 400;\">Avantages sociaux : r\u00e9gime d\u2019assurance-maladie et d\u2019assurance-vie ainsi qu\u2019un programme de cotisation \u00e9gale au REER.\u00a0<\/span><\/li>\n<\/ul>\n<p style=\"text-align: left;\"><span style=\"font-weight: 400;\">Veuillez postuler en faisant parvenir votre curriculum vitae ainsi qu\u2019une lettre de pr\u00e9sentation d\u00e9crivant vos comp\u00e9tences d\u2019ici le 1<\/span><span style=\"font-weight: 400;\">er<\/span><span style=\"font-weight: 400;\"> septembre 2022 \u00e0 l\u2019adresse suivante\u00a0: <\/span><a href=\"mailto:dmci@downtownmoncton.com\"><span style=\"font-weight: 400;\">dmci@downtownmoncton.com<\/span><\/a><span style=\"font-weight: 400;\">.<\/span><\/p>\n<\/div><\/div><\/div><\/div><\/div>\n","protected":false},"excerpt":{"rendered":"","protected":false},"author":1,"featured_media":0,"comment_status":"closed","ping_status":"closed","sticky":false,"template":"","format":"standard","meta":{"_monsterinsights_skip_tracking":false,"_monsterinsights_sitenote_active":false,"_monsterinsights_sitenote_note":"","_monsterinsights_sitenote_category":0,"footnotes":""},"categories":[102],"tags":[],"class_list":["post-10386","post","type-post","status-publish","format-standard","hentry","category-medias"],"yoast_head":"<!-- This site is optimized with the Yoast SEO plugin v27.3 - https:\/\/yoast.com\/product\/yoast-seo-wordpress\/ -->\n<title>DMCI accepte les candidatures pour notre prochain coordinatrice ou coordinateur de marketing et communication - Downtown Moncton Centre-ville Inc.<\/title>\n<meta name=\"robots\" content=\"index, follow, max-snippet:-1, max-image-preview:large, max-video-preview:-1\" \/>\n<link rel=\"canonical\" href=\"https:\/\/downtownmoncton.com\/fr\/medias\/candidatures-coodinatrice-ou-coordinateur-marketing-and-communications\/\" \/>\n<meta property=\"og:locale\" content=\"fr_CA\" \/>\n<meta property=\"og:type\" content=\"article\" \/>\n<meta property=\"og:title\" content=\"DMCI accepte les candidatures pour notre prochain coordinatrice ou coordinateur de marketing et communication - Downtown Moncton Centre-ville Inc.\" \/>\n<meta property=\"og:url\" content=\"https:\/\/downtownmoncton.com\/fr\/medias\/candidatures-coodinatrice-ou-coordinateur-marketing-and-communications\/\" \/>\n<meta property=\"og:site_name\" content=\"Downtown Moncton Centre-ville Inc.\" \/>\n<meta property=\"article:published_time\" content=\"2022-08-19T11:51:31+00:00\" \/>\n<meta property=\"article:modified_time\" content=\"2022-12-08T15:40:37+00:00\" \/>\n<meta name=\"author\" content=\"Downtown Moncton Centre-ville\" \/>\n<meta name=\"twitter:card\" content=\"summary_large_image\" \/>\n<meta name=\"twitter:label1\" content=\"\u00c9crit par\" \/>\n\t<meta name=\"twitter:data1\" content=\"Downtown Moncton Centre-ville\" \/>\n\t<meta name=\"twitter:label2\" content=\"Estimation du temps de lecture\" \/>\n\t<meta name=\"twitter:data2\" content=\"3 minutes\" \/>\n<script type=\"application\/ld+json\" class=\"yoast-schema-graph\">{\"@context\":\"https:\\\/\\\/schema.org\",\"@graph\":[{\"@type\":\"Article\",\"@id\":\"https:\\\/\\\/downtownmoncton.com\\\/fr\\\/medias\\\/candidatures-coodinatrice-ou-coordinateur-marketing-and-communications\\\/#article\",\"isPartOf\":{\"@id\":\"https:\\\/\\\/downtownmoncton.com\\\/fr\\\/medias\\\/candidatures-coodinatrice-ou-coordinateur-marketing-and-communications\\\/\"},\"author\":{\"name\":\"Downtown Moncton Centre-ville\",\"@id\":\"https:\\\/\\\/downtownmoncton.com\\\/#\\\/schema\\\/person\\\/ee927c4a1ae2fb61cb8d80e4c0bf2258\"},\"headline\":\"DMCI accepte les candidatures pour notre prochain coordinatrice ou coordinateur de marketing et communication\",\"datePublished\":\"2022-08-19T11:51:31+00:00\",\"dateModified\":\"2022-12-08T15:40:37+00:00\",\"mainEntityOfPage\":{\"@id\":\"https:\\\/\\\/downtownmoncton.com\\\/fr\\\/medias\\\/candidatures-coodinatrice-ou-coordinateur-marketing-and-communications\\\/\"},\"wordCount\":808,\"articleSection\":[\"M\u00e9dias\"],\"inLanguage\":\"fr-CA\"},{\"@type\":\"WebPage\",\"@id\":\"https:\\\/\\\/downtownmoncton.com\\\/fr\\\/medias\\\/candidatures-coodinatrice-ou-coordinateur-marketing-and-communications\\\/\",\"url\":\"https:\\\/\\\/downtownmoncton.com\\\/fr\\\/medias\\\/candidatures-coodinatrice-ou-coordinateur-marketing-and-communications\\\/\",\"name\":\"DMCI accepte les candidatures pour notre prochain coordinatrice ou coordinateur de marketing et communication - Downtown Moncton Centre-ville Inc.\",\"isPartOf\":{\"@id\":\"https:\\\/\\\/downtownmoncton.com\\\/#website\"},\"datePublished\":\"2022-08-19T11:51:31+00:00\",\"dateModified\":\"2022-12-08T15:40:37+00:00\",\"author\":{\"@id\":\"https:\\\/\\\/downtownmoncton.com\\\/#\\\/schema\\\/person\\\/ee927c4a1ae2fb61cb8d80e4c0bf2258\"},\"breadcrumb\":{\"@id\":\"https:\\\/\\\/downtownmoncton.com\\\/fr\\\/medias\\\/candidatures-coodinatrice-ou-coordinateur-marketing-and-communications\\\/#breadcrumb\"},\"inLanguage\":\"fr-CA\",\"potentialAction\":[{\"@type\":\"ReadAction\",\"target\":[\"https:\\\/\\\/downtownmoncton.com\\\/fr\\\/medias\\\/candidatures-coodinatrice-ou-coordinateur-marketing-and-communications\\\/\"]}]},{\"@type\":\"BreadcrumbList\",\"@id\":\"https:\\\/\\\/downtownmoncton.com\\\/fr\\\/medias\\\/candidatures-coodinatrice-ou-coordinateur-marketing-and-communications\\\/#breadcrumb\",\"itemListElement\":[{\"@type\":\"ListItem\",\"position\":1,\"name\":\"Home\",\"item\":\"https:\\\/\\\/downtownmoncton.com\\\/fr\\\/\"},{\"@type\":\"ListItem\",\"position\":2,\"name\":\"DMCI accepte les candidatures pour notre prochain coordinatrice ou coordinateur de marketing et communication\"}]},{\"@type\":\"WebSite\",\"@id\":\"https:\\\/\\\/downtownmoncton.com\\\/#website\",\"url\":\"https:\\\/\\\/downtownmoncton.com\\\/\",\"name\":\"Downtown Moncton Centre-ville Inc.\",\"description\":\"Dedicated to the heart of Metro Moncton!\",\"potentialAction\":[{\"@type\":\"SearchAction\",\"target\":{\"@type\":\"EntryPoint\",\"urlTemplate\":\"https:\\\/\\\/downtownmoncton.com\\\/?s={search_term_string}\"},\"query-input\":{\"@type\":\"PropertyValueSpecification\",\"valueRequired\":true,\"valueName\":\"search_term_string\"}}],\"inLanguage\":\"fr-CA\"},{\"@type\":\"Person\",\"@id\":\"https:\\\/\\\/downtownmoncton.com\\\/#\\\/schema\\\/person\\\/ee927c4a1ae2fb61cb8d80e4c0bf2258\",\"name\":\"Downtown Moncton Centre-ville\",\"sameAs\":[\"https:\\\/\\\/downtownmoncton.com\"]}]}<\/script>\n<!-- \/ Yoast SEO plugin. -->","yoast_head_json":{"title":"DMCI accepte les candidatures pour notre prochain coordinatrice ou coordinateur de marketing et communication - Downtown Moncton Centre-ville Inc.","robots":{"index":"index","follow":"follow","max-snippet":"max-snippet:-1","max-image-preview":"max-image-preview:large","max-video-preview":"max-video-preview:-1"},"canonical":"https:\/\/downtownmoncton.com\/fr\/medias\/candidatures-coodinatrice-ou-coordinateur-marketing-and-communications\/","og_locale":"fr_CA","og_type":"article","og_title":"DMCI accepte les candidatures pour notre prochain coordinatrice ou coordinateur de marketing et communication - Downtown Moncton Centre-ville Inc.","og_url":"https:\/\/downtownmoncton.com\/fr\/medias\/candidatures-coodinatrice-ou-coordinateur-marketing-and-communications\/","og_site_name":"Downtown Moncton Centre-ville Inc.","article_published_time":"2022-08-19T11:51:31+00:00","article_modified_time":"2022-12-08T15:40:37+00:00","author":"Downtown Moncton Centre-ville","twitter_card":"summary_large_image","twitter_misc":{"\u00c9crit par":"Downtown Moncton Centre-ville","Estimation du temps de lecture":"3 minutes"},"schema":{"@context":"https:\/\/schema.org","@graph":[{"@type":"Article","@id":"https:\/\/downtownmoncton.com\/fr\/medias\/candidatures-coodinatrice-ou-coordinateur-marketing-and-communications\/#article","isPartOf":{"@id":"https:\/\/downtownmoncton.com\/fr\/medias\/candidatures-coodinatrice-ou-coordinateur-marketing-and-communications\/"},"author":{"name":"Downtown Moncton Centre-ville","@id":"https:\/\/downtownmoncton.com\/#\/schema\/person\/ee927c4a1ae2fb61cb8d80e4c0bf2258"},"headline":"DMCI accepte les candidatures pour notre prochain coordinatrice ou coordinateur de marketing et communication","datePublished":"2022-08-19T11:51:31+00:00","dateModified":"2022-12-08T15:40:37+00:00","mainEntityOfPage":{"@id":"https:\/\/downtownmoncton.com\/fr\/medias\/candidatures-coodinatrice-ou-coordinateur-marketing-and-communications\/"},"wordCount":808,"articleSection":["M\u00e9dias"],"inLanguage":"fr-CA"},{"@type":"WebPage","@id":"https:\/\/downtownmoncton.com\/fr\/medias\/candidatures-coodinatrice-ou-coordinateur-marketing-and-communications\/","url":"https:\/\/downtownmoncton.com\/fr\/medias\/candidatures-coodinatrice-ou-coordinateur-marketing-and-communications\/","name":"DMCI accepte les candidatures pour notre prochain coordinatrice ou coordinateur de marketing et communication - Downtown Moncton Centre-ville Inc.","isPartOf":{"@id":"https:\/\/downtownmoncton.com\/#website"},"datePublished":"2022-08-19T11:51:31+00:00","dateModified":"2022-12-08T15:40:37+00:00","author":{"@id":"https:\/\/downtownmoncton.com\/#\/schema\/person\/ee927c4a1ae2fb61cb8d80e4c0bf2258"},"breadcrumb":{"@id":"https:\/\/downtownmoncton.com\/fr\/medias\/candidatures-coodinatrice-ou-coordinateur-marketing-and-communications\/#breadcrumb"},"inLanguage":"fr-CA","potentialAction":[{"@type":"ReadAction","target":["https:\/\/downtownmoncton.com\/fr\/medias\/candidatures-coodinatrice-ou-coordinateur-marketing-and-communications\/"]}]},{"@type":"BreadcrumbList","@id":"https:\/\/downtownmoncton.com\/fr\/medias\/candidatures-coodinatrice-ou-coordinateur-marketing-and-communications\/#breadcrumb","itemListElement":[{"@type":"ListItem","position":1,"name":"Home","item":"https:\/\/downtownmoncton.com\/fr\/"},{"@type":"ListItem","position":2,"name":"DMCI accepte les candidatures pour notre prochain coordinatrice ou coordinateur de marketing et communication"}]},{"@type":"WebSite","@id":"https:\/\/downtownmoncton.com\/#website","url":"https:\/\/downtownmoncton.com\/","name":"Downtown Moncton Centre-ville Inc.","description":"Dedicated to the heart of Metro Moncton!","potentialAction":[{"@type":"SearchAction","target":{"@type":"EntryPoint","urlTemplate":"https:\/\/downtownmoncton.com\/?s={search_term_string}"},"query-input":{"@type":"PropertyValueSpecification","valueRequired":true,"valueName":"search_term_string"}}],"inLanguage":"fr-CA"},{"@type":"Person","@id":"https:\/\/downtownmoncton.com\/#\/schema\/person\/ee927c4a1ae2fb61cb8d80e4c0bf2258","name":"Downtown Moncton Centre-ville","sameAs":["https:\/\/downtownmoncton.com"]}]}},"_links":{"self":[{"href":"https:\/\/downtownmoncton.com\/fr\/wp-json\/wp\/v2\/posts\/10386","targetHints":{"allow":["GET"]}}],"collection":[{"href":"https:\/\/downtownmoncton.com\/fr\/wp-json\/wp\/v2\/posts"}],"about":[{"href":"https:\/\/downtownmoncton.com\/fr\/wp-json\/wp\/v2\/types\/post"}],"author":[{"embeddable":true,"href":"https:\/\/downtownmoncton.com\/fr\/wp-json\/wp\/v2\/users\/1"}],"replies":[{"embeddable":true,"href":"https:\/\/downtownmoncton.com\/fr\/wp-json\/wp\/v2\/comments?post=10386"}],"version-history":[{"count":2,"href":"https:\/\/downtownmoncton.com\/fr\/wp-json\/wp\/v2\/posts\/10386\/revisions"}],"predecessor-version":[{"id":10425,"href":"https:\/\/downtownmoncton.com\/fr\/wp-json\/wp\/v2\/posts\/10386\/revisions\/10425"}],"wp:attachment":[{"href":"https:\/\/downtownmoncton.com\/fr\/wp-json\/wp\/v2\/media?parent=10386"}],"wp:term":[{"taxonomy":"category","embeddable":true,"href":"https:\/\/downtownmoncton.com\/fr\/wp-json\/wp\/v2\/categories?post=10386"},{"taxonomy":"post_tag","embeddable":true,"href":"https:\/\/downtownmoncton.com\/fr\/wp-json\/wp\/v2\/tags?post=10386"}],"curies":[{"name":"wp","href":"https:\/\/api.w.org\/{rel}","templated":true}]}}